{"id":42953,"date":"2026-02-05T20:13:08","date_gmt":"2026-02-05T19:13:08","guid":{"rendered":"https:\/\/froiz.es\/?p=42953"},"modified":"2026-02-12T10:55:53","modified_gmt":"2026-02-12T09:55:53","slug":"reformado-el-supermercado-froiz-de-chapela-redondela-ubicado-en-avda-de-vigo","status":"publish","type":"post","link":"https:\/\/froiz.es\/reformado-el-supermercado-froiz-de-chapela-redondela-ubicado-en-avda-de-vigo\/","title":{"rendered":"El supermercado Froiz de Chapela, Redondela, ubicado en Avda. de Vigo renueva sus instalaciones"},"content":{"rendered":"\n<p>El supermercado Froiz de <a href=\"https:\/\/share.google\/Cw97wkchUJAix7OrJ\" target=\"_blank\" rel=\"noopener\">Chapela, Redondela, ubicado en Avda. de Vigo, 222, <\/a>se ha reformado y ahora cuenta con unas instalaciones m\u00e1s c\u00f3modas y modernas, tanto para trabajadores como clientes, y, por supuesto, la variedad y los buenos precios en productos frescos, marcas l\u00edderes y producto Froiz.<\/p>\n\n\n\n<p>Cuenta con todas las secciones de frescos de venta asistida tradicional: carnicer\u00eda, charcuter\u00eda, pescader\u00eda, fruter\u00eda y panader\u00eda, adem\u00e1s de las secciones dedicadas a alimentaci\u00f3n general, bodega, droguer\u00eda, refrigerados y congelados.&nbsp;Como en todas las carnicer\u00edas de la empresa, los elaborados caseros son realizados diariamente por los profesionales Froiz con productos de calidad y&nbsp;<a href=\"https:\/\/froiz.es\/los-elaborados-de-carniceria-froiz-son-sin-gluten\/?swcfpc=1\">pan rallado sin gluten.<\/a><\/p>\n\n\n\n<p> Su horario es continuo de lunes a s\u00e1bado.<\/p>\n\n\n\n<p><img decoding=\"async\" width=\"16\" height=\"16\" src=\"https:\/\/static.xx.fbcdn.net\/images\/emoji.php\/v9\/td2\/2\/16\/2714.png\" alt=\"\u2714\ufe0f\">&nbsp;Horario continuo<br><img decoding=\"async\" width=\"16\" height=\"16\" src=\"https:\/\/static.xx.fbcdn.net\/images\/emoji.php\/v9\/td2\/2\/16\/2714.png\" alt=\"\u2714\ufe0f\">&nbsp;Servicio a domicilio<br><img decoding=\"async\" width=\"16\" height=\"16\" src=\"https:\/\/static.xx.fbcdn.net\/images\/emoji.php\/v9\/td2\/2\/16\/2714.png\" alt=\"\u2714\ufe0f\">&nbsp;Amplio surtido en marcas l\u00edderes, frescos y marca Froiz<\/p>\n\n\n\n<p><strong><a href=\"https:\/\/www.facebook.com\/hashtag\/%F0%9D%97%99%F0%9D%97%BF%F0%9D%97%BC%F0%9D%97%B6%F0%9D%98%87?__eep__=6&amp;__cft__[0]=AZX-Xli9WjZp2NRyufHkA5O6XiyXA3o5JHqh5vwyLUcPWHKPSlK7VeBC_c1HLcYBSZe9w2QY4KRR-fdLUo05f22hL82pHMW2hIEDEVglV3dZIbX68u5jIH8JJbTtpMXZcmkTf5p2y5E2SB4wDTTM2kMBHHytRw9Vys1t4hL_nooiUUkXfOav3T0cAuQIOQ6B5i4&amp;__tn__=*NK-R\" target=\"_blank\" rel=\"noreferrer noopener\">#Froiz<\/a>, calidad, servicio y atenci\u00f3n.<\/strong><\/p>\n\n\n\n<figure class=\"wp-block-gallery has-nested-images columns-default is-cropped wp-block-gallery-1 is-layout-flex wp-block-gallery-is-layout-flex\">\n<figure class=\"wp-block-image size-large\"><img fetchpriority=\"high\" decoding=\"async\" width=\"561\" height=\"374\" data-id=\"42964\" src=\"https:\/\/froiz.es\/wp-content\/uploads\/2026\/02\/chapela-05-561x374.jpg\" alt=\"\" class=\"wp-image-42964\" srcset=\"https:\/\/froiz.es\/wp-content\/uploads\/2026\/02\/chapela-05-561x374.jpg 561w, https:\/\/froiz.es\/wp-content\/uploads\/2026\/02\/chapela-05-260x173.jpg 260w, https:\/\/froiz.es\/wp-content\/uploads\/2026\/02\/chapela-05-136x91.jpg 136w, https:\/\/froiz.es\/wp-content\/uploads\/2026\/02\/chapela-05.jpg 1500w\" sizes=\"(max-width: 561px) 100vw, 561px\" \/><\/figure>\n\n\n\n<figure class=\"wp-block-image size-large\"><img decoding=\"async\" width=\"561\" height=\"374\" data-id=\"42965\" src=\"https:\/\/froiz.es\/wp-content\/uploads\/2026\/02\/chapela-04-561x374.jpg\" alt=\"\" class=\"wp-image-42965\" srcset=\"https:\/\/froiz.es\/wp-content\/uploads\/2026\/02\/chapela-04-561x374.jpg 561w, https:\/\/froiz.es\/wp-content\/uploads\/2026\/02\/chapela-04-260x173.jpg 260w, https:\/\/froiz.es\/wp-content\/uploads\/2026\/02\/chapela-04-136x91.jpg 136w, https:\/\/froiz.es\/wp-content\/uploads\/2026\/02\/chapela-04.jpg 1500w\" sizes=\"(max-width: 561px) 100vw, 561px\" \/><\/figure>\n\n\n\n<figure class=\"wp-block-image size-large\"><img loading=\"lazy\" decoding=\"async\" width=\"561\" height=\"374\" data-id=\"42961\" src=\"https:\/\/froiz.es\/wp-content\/uploads\/2026\/02\/chapela-02-561x374.jpg\" alt=\"\" class=\"wp-image-42961\" srcset=\"https:\/\/froiz.es\/wp-content\/uploads\/2026\/02\/chapela-02-561x374.jpg 561w, https:\/\/froiz.es\/wp-content\/uploads\/2026\/02\/chapela-02-260x173.jpg 260w, https:\/\/froiz.es\/wp-content\/uploads\/2026\/02\/chapela-02-136x91.jpg 136w, https:\/\/froiz.es\/wp-content\/uploads\/2026\/02\/chapela-02.jpg 1500w\" sizes=\"(max-width: 561px) 100vw, 561px\" \/><\/figure>\n\n\n\n<figure class=\"wp-block-image size-large\"><img loading=\"lazy\" decoding=\"async\" width=\"561\" height=\"374\" data-id=\"42969\" src=\"https:\/\/froiz.es\/wp-content\/uploads\/2026\/02\/chapela-03-561x374.jpg\" alt=\"\" class=\"wp-image-42969\" srcset=\"https:\/\/froiz.es\/wp-content\/uploads\/2026\/02\/chapela-03-561x374.jpg 561w, https:\/\/froiz.es\/wp-content\/uploads\/2026\/02\/chapela-03-260x173.jpg 260w, https:\/\/froiz.es\/wp-content\/uploads\/2026\/02\/chapela-03-136x91.jpg 136w, https:\/\/froiz.es\/wp-content\/uploads\/2026\/02\/chapela-03.jpg 1500w\" sizes=\"(max-width: 561px) 100vw, 561px\" \/><\/figure>\n\n\n\n<figure class=\"wp-block-image size-large\"><img loading=\"lazy\" decoding=\"async\" width=\"561\" height=\"374\" data-id=\"42967\" src=\"https:\/\/froiz.es\/wp-content\/uploads\/2026\/02\/chapela-06-561x374.jpg\" alt=\"\" class=\"wp-image-42967\" srcset=\"https:\/\/froiz.es\/wp-content\/uploads\/2026\/02\/chapela-06-561x374.jpg 561w, https:\/\/froiz.es\/wp-content\/uploads\/2026\/02\/chapela-06-260x173.jpg 260w, https:\/\/froiz.es\/wp-content\/uploads\/2026\/02\/chapela-06-136x91.jpg 136w, https:\/\/froiz.es\/wp-content\/uploads\/2026\/02\/chapela-06.jpg 1500w\" sizes=\"(max-width: 561px) 100vw, 561px\" \/><\/figure>\n\n\n\n<figure class=\"wp-block-image size-large\"><img loading=\"lazy\" decoding=\"async\" width=\"561\" height=\"374\" data-id=\"42962\" src=\"https:\/\/froiz.es\/wp-content\/uploads\/2026\/02\/chapela-07-561x374.jpg\" alt=\"\" class=\"wp-image-42962\" srcset=\"https:\/\/froiz.es\/wp-content\/uploads\/2026\/02\/chapela-07-561x374.jpg 561w, https:\/\/froiz.es\/wp-content\/uploads\/2026\/02\/chapela-07-260x173.jpg 260w, https:\/\/froiz.es\/wp-content\/uploads\/2026\/02\/chapela-07-136x91.jpg 136w, https:\/\/froiz.es\/wp-content\/uploads\/2026\/02\/chapela-07.jpg 1500w\" sizes=\"(max-width: 561px) 100vw, 561px\" \/><\/figure>\n\n\n\n<figure class=\"wp-block-image size-large\"><img loading=\"lazy\" decoding=\"async\" width=\"561\" height=\"374\" data-id=\"42972\" src=\"https:\/\/froiz.es\/wp-content\/uploads\/2026\/02\/chapela-08-561x374.jpg\" alt=\"\" class=\"wp-image-42972\" srcset=\"https:\/\/froiz.es\/wp-content\/uploads\/2026\/02\/chapela-08-561x374.jpg 561w, https:\/\/froiz.es\/wp-content\/uploads\/2026\/02\/chapela-08-260x173.jpg 260w, https:\/\/froiz.es\/wp-content\/uploads\/2026\/02\/chapela-08-136x91.jpg 136w, https:\/\/froiz.es\/wp-content\/uploads\/2026\/02\/chapela-08.jpg 1500w\" sizes=\"(max-width: 561px) 100vw, 561px\" \/><\/figure>\n\n\n\n<figure class=\"wp-block-image size-large\"><img loading=\"lazy\" decoding=\"async\" width=\"561\" height=\"374\" data-id=\"42973\" src=\"https:\/\/froiz.es\/wp-content\/uploads\/2026\/02\/Froiz-Chapela-reaprtura-1-561x374.jpeg\" alt=\"\" class=\"wp-image-42973\" srcset=\"https:\/\/froiz.es\/wp-content\/uploads\/2026\/02\/Froiz-Chapela-reaprtura-1-561x374.jpeg 561w, https:\/\/froiz.es\/wp-content\/uploads\/2026\/02\/Froiz-Chapela-reaprtura-1-260x173.jpeg 260w, https:\/\/froiz.es\/wp-content\/uploads\/2026\/02\/Froiz-Chapela-reaprtura-1-136x91.jpeg 136w, https:\/\/froiz.es\/wp-content\/uploads\/2026\/02\/Froiz-Chapela-reaprtura-1.jpeg 1500w\" sizes=\"(max-width: 561px) 100vw, 561px\" \/><\/figure>\n<\/figure>\n","protected":false},"excerpt":{"rendered":"<p>El supermercado Froiz de Chapela, Redondela, ubicado en Avda. de Vigo, 222, se ha reformado y ahora cuenta con unas instalaciones m\u00e1s c\u00f3modas y modernas, tanto para trabajadores como clientes, y, por supuesto, la variedad y los buenos precios en productos frescos, marcas l\u00edderes y producto Froiz. Cuenta con todas las secciones de frescos de [&hellip;]<\/p>\n","protected":false},"author":3,"featured_media":42959,"comment_status":"open","ping_status":"open","sticky":false,"template":"","format":"standard","meta":{"_acf_changed":false,"footnotes":""},"categories":[32],"tags":[],"class_list":["post-42953","post","type-post","status-publish","format-standard","has-post-thumbnail","hentry","category-novedades"],"acf":[],"publishpress_future_workflow_manual_trigger":{"enabledWorkflows":[]},"_links":{"self":[{"href":"https:\/\/froiz.es\/gl\/wp-json\/wp\/v2\/posts\/42953","targetHints":{"allow":["GET"]}}],"collection":[{"href":"https:\/\/froiz.es\/gl\/wp-json\/wp\/v2\/posts"}],"about":[{"href":"https:\/\/froiz.es\/gl\/wp-json\/wp\/v2\/types\/post"}],"author":[{"embeddable":true,"href":"https:\/\/froiz.es\/gl\/wp-json\/wp\/v2\/users\/3"}],"replies":[{"embeddable":true,"href":"https:\/\/froiz.es\/gl\/wp-json\/wp\/v2\/comments?post=42953"}],"version-history":[{"count":4,"href":"https:\/\/froiz.es\/gl\/wp-json\/wp\/v2\/posts\/42953\/revisions"}],"predecessor-version":[{"id":42976,"href":"https:\/\/froiz.es\/gl\/wp-json\/wp\/v2\/posts\/42953\/revisions\/42976"}],"wp:featuredmedia":[{"embeddable":true,"href":"https:\/\/froiz.es\/gl\/wp-json\/wp\/v2\/media\/42959"}],"wp:attachment":[{"href":"https:\/\/froiz.es\/gl\/wp-json\/wp\/v2\/media?parent=42953"}],"wp:term":[{"taxonomy":"category","embeddable":true,"href":"https:\/\/froiz.es\/gl\/wp-json\/wp\/v2\/categories?post=42953"},{"taxonomy":"post_tag","embeddable":true,"href":"https:\/\/froiz.es\/gl\/wp-json\/wp\/v2\/tags?post=42953"}],"curies":[{"name":"wp","href":"https:\/\/api.w.org\/{rel}","templated":true}]}}