{"id":39169,"date":"2025-07-03T10:59:43","date_gmt":"2025-07-03T08:59:43","guid":{"rendered":"https:\/\/froiz.es\/froiz-inaugura-un-novo-supermercado-na-localidade-de-cerdedo-pontevedra\/"},"modified":"2025-07-24T10:35:41","modified_gmt":"2025-07-24T08:35:41","slug":"froiz-inaugura-un-novo-supermercado-na-localidade-de-cerdedo-pontevedra","status":"publish","type":"post","link":"https:\/\/froiz.es\/gl\/froiz-inaugura-un-novo-supermercado-na-localidade-de-cerdedo-pontevedra\/","title":{"rendered":"Froiz inaugura un novo supermercado na localidade de Cerdedo, Pontevedra"},"content":{"rendered":"\n<p>O novo supermercado Froiz da localidade pontevedresa de Cerdedo, abriu as s\u00faas portas na <a href=\"https:\/\/www.google.com\/maps\/place\/\/data=!4m2!3m1!1s0xd2f98c934bc5b4f:0x664ad273d81aced3?sa=X&amp;ved=1t:8290&amp;hl=es&amp;ictx=111\" target=\"_blank\" rel=\"noopener\">R\u00faa de Ourense, 59.<\/a> O establecemento, que conta con 650 metros cadrados de superficie comercial distribu\u00eddos en d\u00faas plantas, foi dese\u00f1ado para ofrecer unha contorna eficiente, moderno e c\u00f3modo, tanto para os clientes como para o equipo de profesionais que o atende.<\/p>\n\n<p>O centro incorpora secci\u00f3ns de venda asistida tradicional en carnicer\u00eda, froitar\u00eda e panadar\u00eda, as\u00ed como zonas de libre servizo para charcutar\u00eda e peixar\u00eda. Ademais, disp\u00f3n dunha ampla variedade de produtos en alimentaci\u00f3n xeral, adega, droguer\u00eda, panadar\u00eda, refrixerados, conxelados e artigos do fogar, como enxoval e pequeno electrodom\u00e9stico. Os clientes poden atopar produtos frescos de calidade, marcas l\u00edderes do mercado e produto Froiz.  <\/p>\n\n<p>Como parte do seu compromiso coa sostibilidade e a eficiencia enerx\u00e9tica, o novo supermercado foi equipado con sistemas de iluminaci\u00f3n, climatizaci\u00f3n e acondicionamento que permiten reducir o consumo respecto a unha tenda convencional. Isto mellora tanto a experiencia de compra como os espazos de traballo para os traballadores. <\/p>\n\n<p>O centro ofrece tam\u00e9n servizo a domicilio e a posibilidade de realizar compras en li\u00f1a. Con esta apertura, Froiz contrib\u00fae ao desenvolvemento econ\u00f3mico da zona, xerando emprego local coa incorporaci\u00f3n dun persoal composto por oito profesionais do sector da alimentaci\u00f3n. <\/p>\n\n<p>O horario de apertura \u00e9 de luns a s\u00e1bado, de 9:00 a 14:00 h e de 17:00 a 21:00 h.<\/p>\n\n<p><img decoding=\"async\" width=\"16\" height=\"16\" src=\"https:\/\/static.xx.fbcdn.net\/images\/emoji.php\/v9\/td2\/2\/16\/2714.png\" alt=\"&#x2705;\"\/> Servizo a domicilio<br\/><img decoding=\"async\" width=\"16\" height=\"16\" src=\"https:\/\/static.xx.fbcdn.net\/images\/emoji.php\/v9\/td2\/2\/16\/2714.png\" alt=\"&#x2705;\"\/> Compra en li\u00f1a<br\/><img decoding=\"async\" width=\"16\" height=\"16\" src=\"https:\/\/static.xx.fbcdn.net\/images\/emoji.php\/v9\/td2\/2\/16\/2714.png\" alt=\"&#x2705;\"\/> Ampla variedade en marcas l\u00edderes, frescos e marca Froiz<\/p>\n\n<p><strong><a href=\"https:\/\/www.facebook.com\/hashtag\/%F0%9D%97%99%F0%9D%97%BF%F0%9D%97%BC%F0%9D%97%B6%F0%9D%98%87?__eep__=6&amp;__cft__%5B0%5D=AZX-Xli9WjZp2NRyufHkA5O6XiyXA3o5JHqh5vwyLUcPWHKPSlK7VeBC_c1HLcYBSZe9w2QY4KRR-fdLUo05f22hL82pHMW2hIEDEVglV3dZIbX68u5jIH8JJbTtpMXZcmkTf5p2y5E2SB4wDTTM2kMBHHytRw9Vys1t4hL_nooiUUkXfOav3T0cAuQIOQ6B5i4&amp;__tn__=*NK-R\" target=\"_blank\" rel=\"noreferrer noopener\">#Froiz<\/a>, calidade, servizo e atenci\u00f3n.<\/strong><\/p>\n\n<figure class=\"wp-block-gallery has-nested-images columns-default is-cropped wp-block-gallery-1 is-layout-flex wp-block-gallery-is-layout-flex\">\n<figure class=\"wp-block-image size-large\"><img fetchpriority=\"high\" decoding=\"async\" width=\"561\" height=\"374\" data-id=\"39019\" src=\"https:\/\/froiz.es\/wp-content\/uploads\/2025\/07\/17-561x374.jpg\" alt=\"\" class=\"wp-image-39019\" srcset=\"https:\/\/froiz.es\/wp-content\/uploads\/2025\/07\/17-561x374.jpg 561w, https:\/\/froiz.es\/wp-content\/uploads\/2025\/07\/17-260x173.jpg 260w, https:\/\/froiz.es\/wp-content\/uploads\/2025\/07\/17-136x91.jpg 136w, https:\/\/froiz.es\/wp-content\/uploads\/2025\/07\/17-768x512.jpg 768w, https:\/\/froiz.es\/wp-content\/uploads\/2025\/07\/17.jpg 1500w\" sizes=\"(max-width: 561px) 100vw, 561px\" \/><\/figure>\n\n\n\n<figure class=\"wp-block-image size-large\"><img decoding=\"async\" width=\"561\" height=\"374\" data-id=\"39007\" src=\"https:\/\/froiz.es\/wp-content\/uploads\/2025\/07\/03-561x374.jpg\" alt=\"\" class=\"wp-image-39007\" srcset=\"https:\/\/froiz.es\/wp-content\/uploads\/2025\/07\/03-561x374.jpg 561w, https:\/\/froiz.es\/wp-content\/uploads\/2025\/07\/03-260x173.jpg 260w, https:\/\/froiz.es\/wp-content\/uploads\/2025\/07\/03-136x91.jpg 136w, https:\/\/froiz.es\/wp-content\/uploads\/2025\/07\/03-768x512.jpg 768w, https:\/\/froiz.es\/wp-content\/uploads\/2025\/07\/03.jpg 1500w\" sizes=\"(max-width: 561px) 100vw, 561px\" \/><\/figure>\n\n\n\n<figure class=\"wp-block-image size-large\"><img loading=\"lazy\" decoding=\"async\" width=\"561\" height=\"374\" data-id=\"39017\" src=\"https:\/\/froiz.es\/wp-content\/uploads\/2025\/07\/09-1-561x374.jpg\" alt=\"\" class=\"wp-image-39017\" srcset=\"https:\/\/froiz.es\/wp-content\/uploads\/2025\/07\/09-1-561x374.jpg 561w, https:\/\/froiz.es\/wp-content\/uploads\/2025\/07\/09-1-260x173.jpg 260w, https:\/\/froiz.es\/wp-content\/uploads\/2025\/07\/09-1-136x91.jpg 136w, https:\/\/froiz.es\/wp-content\/uploads\/2025\/07\/09-1-768x512.jpg 768w, https:\/\/froiz.es\/wp-content\/uploads\/2025\/07\/09-1.jpg 1500w\" sizes=\"(max-width: 561px) 100vw, 561px\" \/><\/figure>\n\n\n\n<figure class=\"wp-block-image size-large\"><img loading=\"lazy\" decoding=\"async\" width=\"561\" height=\"374\" data-id=\"39013\" src=\"https:\/\/froiz.es\/wp-content\/uploads\/2025\/07\/04-561x374.jpg\" alt=\"\" class=\"wp-image-39013\" srcset=\"https:\/\/froiz.es\/wp-content\/uploads\/2025\/07\/04-561x374.jpg 561w, https:\/\/froiz.es\/wp-content\/uploads\/2025\/07\/04-260x173.jpg 260w, https:\/\/froiz.es\/wp-content\/uploads\/2025\/07\/04-136x91.jpg 136w, https:\/\/froiz.es\/wp-content\/uploads\/2025\/07\/04-768x512.jpg 768w, https:\/\/froiz.es\/wp-content\/uploads\/2025\/07\/04.jpg 1500w\" sizes=\"(max-width: 561px) 100vw, 561px\" \/><\/figure>\n\n\n\n<figure class=\"wp-block-image size-large\"><img loading=\"lazy\" decoding=\"async\" width=\"561\" height=\"374\" data-id=\"39011\" src=\"https:\/\/froiz.es\/wp-content\/uploads\/2025\/07\/05-561x374.jpg\" alt=\"\" class=\"wp-image-39011\" srcset=\"https:\/\/froiz.es\/wp-content\/uploads\/2025\/07\/05-561x374.jpg 561w, https:\/\/froiz.es\/wp-content\/uploads\/2025\/07\/05-260x173.jpg 260w, https:\/\/froiz.es\/wp-content\/uploads\/2025\/07\/05-136x91.jpg 136w, https:\/\/froiz.es\/wp-content\/uploads\/2025\/07\/05-768x512.jpg 768w, https:\/\/froiz.es\/wp-content\/uploads\/2025\/07\/05.jpg 1500w\" sizes=\"(max-width: 561px) 100vw, 561px\" \/><\/figure>\n\n\n\n<figure class=\"wp-block-image size-large\"><img loading=\"lazy\" decoding=\"async\" width=\"561\" height=\"374\" data-id=\"39009\" src=\"https:\/\/froiz.es\/wp-content\/uploads\/2025\/07\/08-561x374.jpg\" alt=\"\" class=\"wp-image-39009\" srcset=\"https:\/\/froiz.es\/wp-content\/uploads\/2025\/07\/08-561x374.jpg 561w, https:\/\/froiz.es\/wp-content\/uploads\/2025\/07\/08-260x173.jpg 260w, https:\/\/froiz.es\/wp-content\/uploads\/2025\/07\/08-136x91.jpg 136w, https:\/\/froiz.es\/wp-content\/uploads\/2025\/07\/08-768x512.jpg 768w, https:\/\/froiz.es\/wp-content\/uploads\/2025\/07\/08.jpg 1500w\" sizes=\"(max-width: 561px) 100vw, 561px\" \/><\/figure>\n\n\n\n<figure class=\"wp-block-image size-large\"><img loading=\"lazy\" decoding=\"async\" width=\"561\" height=\"374\" data-id=\"39015\" src=\"https:\/\/froiz.es\/wp-content\/uploads\/2025\/07\/10-561x374.jpg\" alt=\"\" class=\"wp-image-39015\" srcset=\"https:\/\/froiz.es\/wp-content\/uploads\/2025\/07\/10-561x374.jpg 561w, https:\/\/froiz.es\/wp-content\/uploads\/2025\/07\/10-260x173.jpg 260w, https:\/\/froiz.es\/wp-content\/uploads\/2025\/07\/10-136x91.jpg 136w, https:\/\/froiz.es\/wp-content\/uploads\/2025\/07\/10-768x512.jpg 768w, https:\/\/froiz.es\/wp-content\/uploads\/2025\/07\/10.jpg 1500w\" sizes=\"(max-width: 561px) 100vw, 561px\" \/><\/figure>\n\n\n\n<figure class=\"wp-block-image size-large\"><img loading=\"lazy\" decoding=\"async\" width=\"561\" height=\"374\" data-id=\"39021\" src=\"https:\/\/froiz.es\/wp-content\/uploads\/2025\/07\/13-561x374.jpg\" alt=\"\" class=\"wp-image-39021\" srcset=\"https:\/\/froiz.es\/wp-content\/uploads\/2025\/07\/13-561x374.jpg 561w, https:\/\/froiz.es\/wp-content\/uploads\/2025\/07\/13-260x173.jpg 260w, https:\/\/froiz.es\/wp-content\/uploads\/2025\/07\/13-136x91.jpg 136w, https:\/\/froiz.es\/wp-content\/uploads\/2025\/07\/13-768x512.jpg 768w, https:\/\/froiz.es\/wp-content\/uploads\/2025\/07\/13.jpg 1500w\" sizes=\"(max-width: 561px) 100vw, 561px\" \/><\/figure>\n\n\n\n<figure class=\"wp-block-image size-large\"><img loading=\"lazy\" decoding=\"async\" width=\"561\" height=\"374\" data-id=\"39022\" src=\"https:\/\/froiz.es\/wp-content\/uploads\/2025\/07\/16-561x374.jpg\" alt=\"\" class=\"wp-image-39022\" srcset=\"https:\/\/froiz.es\/wp-content\/uploads\/2025\/07\/16-561x374.jpg 561w, https:\/\/froiz.es\/wp-content\/uploads\/2025\/07\/16-260x173.jpg 260w, https:\/\/froiz.es\/wp-content\/uploads\/2025\/07\/16-136x91.jpg 136w, https:\/\/froiz.es\/wp-content\/uploads\/2025\/07\/16-768x512.jpg 768w, https:\/\/froiz.es\/wp-content\/uploads\/2025\/07\/16.jpg 1500w\" sizes=\"(max-width: 561px) 100vw, 561px\" \/><\/figure>\n<\/figure>\n","protected":false},"excerpt":{"rendered":"<p>O novo supermercado Froiz da localidade pontevedresa de Cerdedo, abriu as s\u00faas portas na R\u00faa de Ourense, 59. O establecemento, que conta con 650 metros cadrados de superficie comercial distribu\u00eddos en d\u00faas plantas, foi dese\u00f1ado para ofrecer unha contorna eficiente, moderno e c\u00f3modo, tanto para os clientes como para o equipo de profesionais que o [&hellip;]<\/p>\n","protected":false},"author":3,"featured_media":39006,"comment_status":"open","ping_status":"open","sticky":false,"template":"","format":"standard","meta":{"_acf_changed":false,"footnotes":""},"categories":[147],"tags":[],"class_list":["post-39169","post","type-post","status-publish","format-standard","has-post-thumbnail","hentry","category-novidades"],"acf":[],"publishpress_future_workflow_manual_trigger":{"enabledWorkflows":[]},"_links":{"self":[{"href":"https:\/\/froiz.es\/gl\/wp-json\/wp\/v2\/posts\/39169","targetHints":{"allow":["GET"]}}],"collection":[{"href":"https:\/\/froiz.es\/gl\/wp-json\/wp\/v2\/posts"}],"about":[{"href":"https:\/\/froiz.es\/gl\/wp-json\/wp\/v2\/types\/post"}],"author":[{"embeddable":true,"href":"https:\/\/froiz.es\/gl\/wp-json\/wp\/v2\/users\/3"}],"replies":[{"embeddable":true,"href":"https:\/\/froiz.es\/gl\/wp-json\/wp\/v2\/comments?post=39169"}],"version-history":[{"count":3,"href":"https:\/\/froiz.es\/gl\/wp-json\/wp\/v2\/posts\/39169\/revisions"}],"predecessor-version":[{"id":39172,"href":"https:\/\/froiz.es\/gl\/wp-json\/wp\/v2\/posts\/39169\/revisions\/39172"}],"wp:featuredmedia":[{"embeddable":true,"href":"https:\/\/froiz.es\/gl\/wp-json\/wp\/v2\/media\/39006"}],"wp:attachment":[{"href":"https:\/\/froiz.es\/gl\/wp-json\/wp\/v2\/media?parent=39169"}],"wp:term":[{"taxonomy":"category","embeddable":true,"href":"https:\/\/froiz.es\/gl\/wp-json\/wp\/v2\/categories?post=39169"},{"taxonomy":"post_tag","embeddable":true,"href":"https:\/\/froiz.es\/gl\/wp-json\/wp\/v2\/tags?post=39169"}],"curies":[{"name":"wp","href":"https:\/\/api.w.org\/{rel}","templated":true}]}}