{"id":37466,"date":"2025-04-02T16:51:35","date_gmt":"2025-04-02T14:51:35","guid":{"rendered":"https:\/\/froiz.es\/horarios-en-pascua-abrimos-xoves-17-de-abril-2025\/"},"modified":"2025-04-09T18:01:13","modified_gmt":"2025-04-09T16:01:13","slug":"horarios-en-pascua-abrimos-xoves-17-de-abril-2025","status":"publish","type":"post","link":"https:\/\/froiz.es\/gl\/horarios-en-pascua-abrimos-xoves-17-de-abril-2025\/","title":{"rendered":"Horarios en Pascua: abrimos xoves 17 de abril 2025"},"content":{"rendered":"\n<p>En Semana Santa os distintos establecementos Froiz <strong>abrir\u00e1n o xoves 17 de abril <\/strong>neste horario especial.<\/p>\n\n<ul class=\"wp-block-list\">\n<li><strong>Supermercados:<\/strong> de 10:00 a 14:30h<\/li>\n\n\n\n<li><strong>Cash&amp;carry CashFroiz<\/strong>: de 10:00 a 14:30h<\/li>\n\n\n\n<li><strong>Hiper Froiz: <\/strong>de 10:00 a 21:00h <\/li>\n<\/ul>\n\n<p><\/p>\n\n<p><strong>Excepci\u00f3ns: <\/strong>Estes supermercados Froiz ter\u00e1n horario especial. <\/p>\n\n<ul class=\"wp-block-list\">\n<li><a href=\"https:\/\/maps.app.goo.gl\/9beCFxm7fmRPfkCt5\" target=\"_blank\" rel=\"noopener\">Plaza El\u00edptica (Vigo)<\/a>: jueves 17 de abril, de 10:00 a 21:00h<\/li>\n\n\n\n<li><a href=\"https:\/\/maps.app.goo.gl\/nnqZGu4C9cPpCKFv7\" target=\"_blank\" rel=\"noopener\">c\/Fonte de Ramos (Sanxenxo)<\/a>: jueves 17 de abril, de 10:00 a 21:00h<\/li>\n\n\n\n<li><a href=\"https:\/\/maps.app.goo.gl\/5CXfNRC1TBw9XKQr5\" target=\"_blank\" rel=\"noopener\">c\/Arenal, Portonovo (Sanxenxo)<\/a>: jueves 17 de abril, de 10:00 a 21:00h<\/li>\n\n\n\n<li><a href=\"https:\/\/maps.app.goo.gl\/p4W9UTCWqXpBzrzv8\" target=\"_blank\" rel=\"noopener\">Noia: <\/a>jueves 17 de abril, de 9:30 a 14:30h<\/li>\n\n\n\n<li><a href=\"https:\/\/maps.app.goo.gl\/Nu8yYWRRhZyFxNLTA\" target=\"_blank\" rel=\"noopener\">Carballo: <\/a>jueves 17 de abril, de 9:30 a 14:30h<\/li>\n\n\n\n<li><a href=\"https:\/\/maps.app.goo.gl\/qRxwYVHuNK1kCuKq6\" target=\"_blank\" rel=\"noopener\">Muxia: <\/a>abre viernes 18 de abril, de 9:30 a 14:30h<\/li>\n<\/ul>\n\n<p><\/p>\n","protected":false},"excerpt":{"rendered":"<p>En Semana Santa os distintos establecementos Froiz abrir\u00e1n o xoves 17 de abril neste horario especial. Excepci\u00f3ns: Estes supermercados Froiz ter\u00e1n horario especial.<\/p>\n","protected":false},"author":3,"featured_media":37386,"comment_status":"open","ping_status":"open","sticky":false,"template":"","format":"standard","meta":{"_acf_changed":false,"footnotes":""},"categories":[147],"tags":[],"class_list":["post-37466","post","type-post","status-publish","format-standard","has-post-thumbnail","hentry","category-novidades"],"acf":[],"publishpress_future_workflow_manual_trigger":{"enabledWorkflows":[]},"_links":{"self":[{"href":"https:\/\/froiz.es\/gl\/wp-json\/wp\/v2\/posts\/37466","targetHints":{"allow":["GET"]}}],"collection":[{"href":"https:\/\/froiz.es\/gl\/wp-json\/wp\/v2\/posts"}],"about":[{"href":"https:\/\/froiz.es\/gl\/wp-json\/wp\/v2\/types\/post"}],"author":[{"embeddable":true,"href":"https:\/\/froiz.es\/gl\/wp-json\/wp\/v2\/users\/3"}],"replies":[{"embeddable":true,"href":"https:\/\/froiz.es\/gl\/wp-json\/wp\/v2\/comments?post=37466"}],"version-history":[{"count":2,"href":"https:\/\/froiz.es\/gl\/wp-json\/wp\/v2\/posts\/37466\/revisions"}],"predecessor-version":[{"id":37472,"href":"https:\/\/froiz.es\/gl\/wp-json\/wp\/v2\/posts\/37466\/revisions\/37472"}],"wp:featuredmedia":[{"embeddable":true,"href":"https:\/\/froiz.es\/gl\/wp-json\/wp\/v2\/media\/37386"}],"wp:attachment":[{"href":"https:\/\/froiz.es\/gl\/wp-json\/wp\/v2\/media?parent=37466"}],"wp:term":[{"taxonomy":"category","embeddable":true,"href":"https:\/\/froiz.es\/gl\/wp-json\/wp\/v2\/categories?post=37466"},{"taxonomy":"post_tag","embeddable":true,"href":"https:\/\/froiz.es\/gl\/wp-json\/wp\/v2\/tags?post=37466"}],"curies":[{"name":"wp","href":"https:\/\/api.w.org\/{rel}","templated":true}]}}