{"id":36856,"date":"2025-02-21T18:02:10","date_gmt":"2025-02-21T17:02:10","guid":{"rendered":"https:\/\/froiz.es\/presentacion-da-tempada-xxxvii-do-equipo-deportivo-super-froiz\/"},"modified":"2025-02-24T12:20:40","modified_gmt":"2025-02-24T11:20:40","slug":"presentacion-da-tempada-xxxvii-do-equipo-deportivo-super-froiz","status":"publish","type":"post","link":"https:\/\/froiz.es\/gl\/presentacion-da-tempada-xxxvii-do-equipo-deportivo-super-froiz\/","title":{"rendered":"Presentaci\u00f3n da tempada XXXVII do equipo ciclista S\u00faper Froiz"},"content":{"rendered":"\n<p>O <a href=\"https:\/\/equiposuperfroiz.com\/\" target=\"_blank\" rel=\"noreferrer noopener\">Grupo Deportivo S\u00faper Froiz<\/a> presentou a nova tempada deportiva dos seus dous equipos, o de estrada e o de ciclocr\u00f3s, de ciclismo amateur formados por mozos corredores: mozos e mozas amantes deste deporte. O equipo de ciclocr\u00f3s que xa leva 5 tempadas deportivas en activo, segue dirixido por Ana Portela e conta con 5 corredores: 2 mozas e 3 mozos.<strong> <\/strong>A escuadra de estrada est\u00e1 formada por 17 deportistas (9 incorporaci\u00f3ns e 8 renovaci\u00f3ns) cuxa idade media \u00e9 de 20 anos. O corpo t\u00e9cnico est\u00e1 capitaneado, un ano m\u00e1is, por Evaristo Portela.<\/p>\n\n<p>Como en anos anteriores, o equipo disputar\u00e1 esta tempada probas xa cl\u00e1sicas -nas categor\u00edas elite e sub 23- como son a Copa de Espa\u00f1a e a tradicionais Volta a Toledo, Zamora, Galicia, o Memorial Valenciaga e as voltas a Castell\u00f3 e volta a Espa\u00f1a sub-23.<\/p>\n\n<p>O equipo ciclista S\u00faper Froiz cumpre este ano 37 anos de andaina deportiva ininterrompida, o que o converte no equipo espa\u00f1ol de ciclismo amateur m\u00e1is lonxevo da s\u00faa categor\u00eda. O acto tivo lugar no Mosteiro de San Xo\u00e1n de Poio e contou coa presenza dos representantes pol\u00edticos de distintas instituci\u00f3ns que apoiaron un ano m\u00e1is ao equipo, das marcas patrocinadoras, colaboradores e amigos do mundo do ciclismo.<\/p>\n\n<p>Pedro &#8220;Perico&#8221; Delgado, ex-ciclista profesional, ga\u00f1ador do Tour de Francia 1988 e comentarista deportivo, foi o padri\u00f1o da escuadra esta tempada. Tam\u00e9n estivo presente Javier Guill\u00e9n, director xeral da Volta ciclista a Espa\u00f1a.  <\/p>\n\n<p>Moita sorte equipo!<\/p>\n\n<figure class=\"wp-block-gallery has-nested-images columns-default is-cropped wp-block-gallery-1 is-layout-flex wp-block-gallery-is-layout-flex\">\n<figure class=\"wp-block-image size-large\"><img fetchpriority=\"high\" decoding=\"async\" width=\"499\" height=\"374\" data-id=\"36831\" src=\"https:\/\/froiz.es\/wp-content\/uploads\/2025\/02\/IMG_5216-1-499x374.jpeg\" alt=\"\" class=\"wp-image-36831\" srcset=\"https:\/\/froiz.es\/wp-content\/uploads\/2025\/02\/IMG_5216-1-499x374.jpeg 499w, https:\/\/froiz.es\/wp-content\/uploads\/2025\/02\/IMG_5216-1-231x173.jpeg 231w, https:\/\/froiz.es\/wp-content\/uploads\/2025\/02\/IMG_5216-1-768x576.jpeg 768w, https:\/\/froiz.es\/wp-content\/uploads\/2025\/02\/IMG_5216-1-1536x1152.jpeg 1536w, https:\/\/froiz.es\/wp-content\/uploads\/2025\/02\/IMG_5216-1.jpeg 2048w\" sizes=\"(max-width: 499px) 100vw, 499px\" \/><\/figure>\n\n\n\n<figure class=\"wp-block-image size-large\"><img decoding=\"async\" width=\"499\" height=\"374\" data-id=\"36828\" src=\"https:\/\/froiz.es\/wp-content\/uploads\/2025\/02\/IMG_5225-1-499x374.jpeg\" alt=\"\" class=\"wp-image-36828\" srcset=\"https:\/\/froiz.es\/wp-content\/uploads\/2025\/02\/IMG_5225-1-499x374.jpeg 499w, https:\/\/froiz.es\/wp-content\/uploads\/2025\/02\/IMG_5225-1-231x173.jpeg 231w, https:\/\/froiz.es\/wp-content\/uploads\/2025\/02\/IMG_5225-1-768x576.jpeg 768w, https:\/\/froiz.es\/wp-content\/uploads\/2025\/02\/IMG_5225-1-1536x1152.jpeg 1536w, https:\/\/froiz.es\/wp-content\/uploads\/2025\/02\/IMG_5225-1.jpeg 2048w\" sizes=\"(max-width: 499px) 100vw, 499px\" \/><\/figure>\n\n\n\n<figure class=\"wp-block-image size-large\"><img decoding=\"async\" width=\"499\" height=\"374\" data-id=\"36835\" src=\"https:\/\/froiz.es\/wp-content\/uploads\/2025\/02\/IMG_5227-1-499x374.jpeg\" alt=\"\" class=\"wp-image-36835\" srcset=\"https:\/\/froiz.es\/wp-content\/uploads\/2025\/02\/IMG_5227-1-499x374.jpeg 499w, https:\/\/froiz.es\/wp-content\/uploads\/2025\/02\/IMG_5227-1-231x173.jpeg 231w, https:\/\/froiz.es\/wp-content\/uploads\/2025\/02\/IMG_5227-1-768x576.jpeg 768w, https:\/\/froiz.es\/wp-content\/uploads\/2025\/02\/IMG_5227-1-1536x1152.jpeg 1536w, https:\/\/froiz.es\/wp-content\/uploads\/2025\/02\/IMG_5227-1.jpeg 2048w\" sizes=\"(max-width: 499px) 100vw, 499px\" \/><\/figure>\n\n\n\n<figure class=\"wp-block-image size-large\"><img loading=\"lazy\" decoding=\"async\" width=\"499\" height=\"374\" data-id=\"36834\" src=\"https:\/\/froiz.es\/wp-content\/uploads\/2025\/02\/IMG_5230-1-499x374.jpeg\" alt=\"\" class=\"wp-image-36834\" srcset=\"https:\/\/froiz.es\/wp-content\/uploads\/2025\/02\/IMG_5230-1-499x374.jpeg 499w, https:\/\/froiz.es\/wp-content\/uploads\/2025\/02\/IMG_5230-1-231x173.jpeg 231w, https:\/\/froiz.es\/wp-content\/uploads\/2025\/02\/IMG_5230-1-768x576.jpeg 768w, https:\/\/froiz.es\/wp-content\/uploads\/2025\/02\/IMG_5230-1-1536x1152.jpeg 1536w, https:\/\/froiz.es\/wp-content\/uploads\/2025\/02\/IMG_5230-1.jpeg 2048w\" sizes=\"(max-width: 499px) 100vw, 499px\" \/><\/figure>\n\n\n\n<figure class=\"wp-block-image size-large\"><img loading=\"lazy\" decoding=\"async\" width=\"499\" height=\"374\" data-id=\"36846\" src=\"https:\/\/froiz.es\/wp-content\/uploads\/2025\/02\/IMG_5242-2-499x374.jpeg\" alt=\"\" class=\"wp-image-36846\" srcset=\"https:\/\/froiz.es\/wp-content\/uploads\/2025\/02\/IMG_5242-2-499x374.jpeg 499w, https:\/\/froiz.es\/wp-content\/uploads\/2025\/02\/IMG_5242-2-231x173.jpeg 231w, https:\/\/froiz.es\/wp-content\/uploads\/2025\/02\/IMG_5242-2-768x576.jpeg 768w, https:\/\/froiz.es\/wp-content\/uploads\/2025\/02\/IMG_5242-2-1536x1152.jpeg 1536w, https:\/\/froiz.es\/wp-content\/uploads\/2025\/02\/IMG_5242-2.jpeg 2048w\" sizes=\"(max-width: 499px) 100vw, 499px\" \/><\/figure>\n\n\n\n<figure class=\"wp-block-image size-large\"><img loading=\"lazy\" decoding=\"async\" width=\"499\" height=\"374\" data-id=\"36848\" src=\"https:\/\/froiz.es\/wp-content\/uploads\/2025\/02\/img_5240-1-499x374.jpeg\" alt=\"\" class=\"wp-image-36848\" srcset=\"https:\/\/froiz.es\/wp-content\/uploads\/2025\/02\/img_5240-1-499x374.jpeg 499w, https:\/\/froiz.es\/wp-content\/uploads\/2025\/02\/img_5240-1-231x173.jpeg 231w, https:\/\/froiz.es\/wp-content\/uploads\/2025\/02\/img_5240-1-768x576.jpeg 768w, https:\/\/froiz.es\/wp-content\/uploads\/2025\/02\/img_5240-1-1536x1152.jpeg 1536w, https:\/\/froiz.es\/wp-content\/uploads\/2025\/02\/img_5240-1-2048x1536.jpeg 2048w\" sizes=\"(max-width: 499px) 100vw, 499px\" \/><\/figure>\n\n\n\n<figure class=\"wp-block-image size-large\"><img loading=\"lazy\" decoding=\"async\" width=\"499\" height=\"374\" data-id=\"36852\" src=\"https:\/\/froiz.es\/wp-content\/uploads\/2025\/02\/IMG_5247-2-499x374.jpeg\" alt=\"\" class=\"wp-image-36852\" srcset=\"https:\/\/froiz.es\/wp-content\/uploads\/2025\/02\/IMG_5247-2-499x374.jpeg 499w, https:\/\/froiz.es\/wp-content\/uploads\/2025\/02\/IMG_5247-2-231x173.jpeg 231w, https:\/\/froiz.es\/wp-content\/uploads\/2025\/02\/IMG_5247-2-768x576.jpeg 768w, https:\/\/froiz.es\/wp-content\/uploads\/2025\/02\/IMG_5247-2-1536x1152.jpeg 1536w, https:\/\/froiz.es\/wp-content\/uploads\/2025\/02\/IMG_5247-2.jpeg 2048w\" sizes=\"(max-width: 499px) 100vw, 499px\" \/><\/figure>\n\n\n\n<figure class=\"wp-block-image size-large\"><img loading=\"lazy\" decoding=\"async\" width=\"499\" height=\"374\" data-id=\"36840\" src=\"https:\/\/froiz.es\/wp-content\/uploads\/2025\/02\/IMG_5254-1-499x374.jpeg\" alt=\"\" class=\"wp-image-36840\" srcset=\"https:\/\/froiz.es\/wp-content\/uploads\/2025\/02\/IMG_5254-1-499x374.jpeg 499w, https:\/\/froiz.es\/wp-content\/uploads\/2025\/02\/IMG_5254-1-231x173.jpeg 231w, https:\/\/froiz.es\/wp-content\/uploads\/2025\/02\/IMG_5254-1-768x576.jpeg 768w, https:\/\/froiz.es\/wp-content\/uploads\/2025\/02\/IMG_5254-1-1536x1152.jpeg 1536w, https:\/\/froiz.es\/wp-content\/uploads\/2025\/02\/IMG_5254-1.jpeg 2048w\" sizes=\"(max-width: 499px) 100vw, 499px\" \/><\/figure>\n\n\n\n<figure class=\"wp-block-image size-large\"><img loading=\"lazy\" decoding=\"async\" width=\"499\" height=\"374\" data-id=\"36842\" src=\"https:\/\/froiz.es\/wp-content\/uploads\/2025\/02\/IMG_5301-1-499x374.jpeg\" alt=\"\" class=\"wp-image-36842\" srcset=\"https:\/\/froiz.es\/wp-content\/uploads\/2025\/02\/IMG_5301-1-499x374.jpeg 499w, https:\/\/froiz.es\/wp-content\/uploads\/2025\/02\/IMG_5301-1-231x173.jpeg 231w, https:\/\/froiz.es\/wp-content\/uploads\/2025\/02\/IMG_5301-1-768x576.jpeg 768w, https:\/\/froiz.es\/wp-content\/uploads\/2025\/02\/IMG_5301-1-1536x1152.jpeg 1536w, https:\/\/froiz.es\/wp-content\/uploads\/2025\/02\/IMG_5301-1.jpeg 2048w\" sizes=\"(max-width: 499px) 100vw, 499px\" \/><\/figure>\n<\/figure>\n","protected":false},"excerpt":{"rendered":"<p>O Grupo Deportivo S\u00faper Froiz presentou a nova tempada deportiva dos seus dous equipos, o de estrada e o de ciclocr\u00f3s, de ciclismo amateur formados por mozos corredores: mozos e mozas amantes deste deporte. O equipo de ciclocr\u00f3s que xa leva 5 tempadas deportivas en activo, segue dirixido por Ana Portela e conta con 5 [&hellip;]<\/p>\n","protected":false},"author":3,"featured_media":36819,"comment_status":"open","ping_status":"open","sticky":false,"template":"","format":"standard","meta":{"_acf_changed":false,"footnotes":""},"categories":[145],"tags":[],"class_list":["post-36856","post","type-post","status-publish","format-standard","has-post-thumbnail","hentry","category-deporte-gl"],"acf":[],"publishpress_future_workflow_manual_trigger":{"enabledWorkflows":[]},"_links":{"self":[{"href":"https:\/\/froiz.es\/gl\/wp-json\/wp\/v2\/posts\/36856","targetHints":{"allow":["GET"]}}],"collection":[{"href":"https:\/\/froiz.es\/gl\/wp-json\/wp\/v2\/posts"}],"about":[{"href":"https:\/\/froiz.es\/gl\/wp-json\/wp\/v2\/types\/post"}],"author":[{"embeddable":true,"href":"https:\/\/froiz.es\/gl\/wp-json\/wp\/v2\/users\/3"}],"replies":[{"embeddable":true,"href":"https:\/\/froiz.es\/gl\/wp-json\/wp\/v2\/comments?post=36856"}],"version-history":[{"count":6,"href":"https:\/\/froiz.es\/gl\/wp-json\/wp\/v2\/posts\/36856\/revisions"}],"predecessor-version":[{"id":36865,"href":"https:\/\/froiz.es\/gl\/wp-json\/wp\/v2\/posts\/36856\/revisions\/36865"}],"wp:featuredmedia":[{"embeddable":true,"href":"https:\/\/froiz.es\/gl\/wp-json\/wp\/v2\/media\/36819"}],"wp:attachment":[{"href":"https:\/\/froiz.es\/gl\/wp-json\/wp\/v2\/media?parent=36856"}],"wp:term":[{"taxonomy":"category","embeddable":true,"href":"https:\/\/froiz.es\/gl\/wp-json\/wp\/v2\/categories?post=36856"},{"taxonomy":"post_tag","embeddable":true,"href":"https:\/\/froiz.es\/gl\/wp-json\/wp\/v2\/tags?post=36856"}],"curies":[{"name":"wp","href":"https:\/\/api.w.org\/{rel}","templated":true}]}}