{"id":36781,"date":"2025-02-11T18:26:26","date_gmt":"2025-02-11T17:26:26","guid":{"rendered":"https:\/\/froiz.es\/asedas-premia-o-labor-e-o-compromiso-de-froiz-co-deporte\/"},"modified":"2025-02-13T16:42:36","modified_gmt":"2025-02-13T15:42:36","slug":"asedas-premia-o-labor-e-o-compromiso-de-froiz-co-deporte","status":"publish","type":"post","link":"https:\/\/froiz.es\/gl\/asedas-premia-o-labor-e-o-compromiso-de-froiz-co-deporte\/","title":{"rendered":"ASEDAS premia o labor e o compromiso de Froiz co deporte"},"content":{"rendered":"\n<p>A <a href=\"https:\/\/www.asedas.org\/nosotros\/\" data-type=\"link\" data-id=\"https:\/\/www.asedas.org\/nosotros\/\" target=\"_blank\" rel=\"noopener\">Asociaci\u00f3n Espa\u00f1ola de Distribuidores, Autoservizos e Supermercados, ASEDAS, <\/a>rendeu homenaxe \u00e1 empresas de distribuci\u00f3n alimentaria -como \u00e9 o caso de Froiz- polo seu compromiso e labor no fomento e apoio ao deporte como disciplina que, tanto na pr\u00e1ctica profesional como amateur, difunde valores moi importantes para a sociedade e o mundo da empresa. <\/p>\n\n<p>Baixo o lema &#8220;DarloTodo&#8221;, a cerimonia celebrouse na sede do Comit\u00e9 Ol\u00edmpico Espa\u00f1ol, en Madrid, e centrouse en premiar os valores compartidos entre o mundo deportivo e o empresarial. A empresa Froiz foi reco\u00f1ecida polo seu labor ininterrompido de apoio ao ciclismo amateur, tanto de estrada como ciclocr\u00f3s, durante 37 anos. Evaristo Portela, director t\u00e9cnico de ciclismo estrada, e Ana Portela, directora t\u00e9cnica de ciclocr\u00f3s, recolleron este galard\u00f3n e puxeron en valor o labor do <a href=\"https:\/\/www.equiposuperfroiz.com\/\" data-type=\"link\" data-id=\"https:\/\/www.equiposuperfroiz.com\/\" target=\"_blank\" rel=\"noopener\">Grupo deportivo S\u00faper Froiz,<\/a> que \u00e9 canteira de mozos deportistas que dan o salto ao ciclismo profesional e ten o r\u00e9cord de liderar durante 8 anos a clasificaci\u00f3n nacional de ciclismo amateur na categor\u00eda elite sub-23 durante os anos 2008, 2009, 2010, 2011, 2012, 2013 e 2014.   <\/p>\n\n<p>No evento tam\u00e9n foron galardoados outros deportistas como medallistas ol\u00edmpicos e paral\u00edmpicos, representantes de distintos deportes de equipo, e amateur que encarnan, segundo a organizaci\u00f3n, a diversidade do deporte espa\u00f1ol e valores como o esforzo, a superaci\u00f3n, a igualdade, a eficiencia e a innovaci\u00f3n. Valores que tam\u00e9n compartimos as empresas de distribuci\u00f3n alimentaria como Froiz.  <\/p>\n\n<figure class=\"wp-block-gallery has-nested-images columns-default is-cropped wp-block-gallery-1 is-layout-flex wp-block-gallery-is-layout-flex\">\n<figure class=\"wp-block-image size-large\"><img fetchpriority=\"high\" decoding=\"async\" width=\"561\" height=\"374\" data-id=\"36726\" src=\"https:\/\/froiz.es\/wp-content\/uploads\/2025\/02\/02-561x374.jpg\" alt=\"\" class=\"wp-image-36726\" srcset=\"https:\/\/froiz.es\/wp-content\/uploads\/2025\/02\/02-561x374.jpg 561w, https:\/\/froiz.es\/wp-content\/uploads\/2025\/02\/02-260x173.jpg 260w, https:\/\/froiz.es\/wp-content\/uploads\/2025\/02\/02-136x91.jpg 136w, https:\/\/froiz.es\/wp-content\/uploads\/2025\/02\/02-768x512.jpg 768w, https:\/\/froiz.es\/wp-content\/uploads\/2025\/02\/02.jpg 1500w\" sizes=\"(max-width: 561px) 100vw, 561px\" \/><\/figure>\n\n\n\n<figure class=\"wp-block-image size-large\"><img decoding=\"async\" width=\"561\" height=\"374\" data-id=\"36724\" src=\"https:\/\/froiz.es\/wp-content\/uploads\/2025\/02\/03-561x374.jpg\" alt=\"\" class=\"wp-image-36724\" srcset=\"https:\/\/froiz.es\/wp-content\/uploads\/2025\/02\/03-561x374.jpg 561w, https:\/\/froiz.es\/wp-content\/uploads\/2025\/02\/03-260x173.jpg 260w, https:\/\/froiz.es\/wp-content\/uploads\/2025\/02\/03-136x91.jpg 136w, https:\/\/froiz.es\/wp-content\/uploads\/2025\/02\/03-768x512.jpg 768w, https:\/\/froiz.es\/wp-content\/uploads\/2025\/02\/03.jpg 1500w\" sizes=\"(max-width: 561px) 100vw, 561px\" \/><\/figure>\n\n\n\n<figure class=\"wp-block-image size-large\"><img decoding=\"async\" width=\"561\" height=\"374\" data-id=\"36729\" src=\"https:\/\/froiz.es\/wp-content\/uploads\/2025\/02\/04-561x374.jpg\" alt=\"\" class=\"wp-image-36729\" srcset=\"https:\/\/froiz.es\/wp-content\/uploads\/2025\/02\/04-561x374.jpg 561w, https:\/\/froiz.es\/wp-content\/uploads\/2025\/02\/04-260x173.jpg 260w, https:\/\/froiz.es\/wp-content\/uploads\/2025\/02\/04-136x91.jpg 136w, https:\/\/froiz.es\/wp-content\/uploads\/2025\/02\/04-768x512.jpg 768w, https:\/\/froiz.es\/wp-content\/uploads\/2025\/02\/04.jpg 1500w\" sizes=\"(max-width: 561px) 100vw, 561px\" \/><\/figure>\n\n\n\n<figure class=\"wp-block-image size-large\"><img loading=\"lazy\" decoding=\"async\" width=\"561\" height=\"374\" data-id=\"36744\" src=\"https:\/\/froiz.es\/wp-content\/uploads\/2025\/02\/11-561x374.jpg\" alt=\"\" class=\"wp-image-36744\" srcset=\"https:\/\/froiz.es\/wp-content\/uploads\/2025\/02\/11-561x374.jpg 561w, https:\/\/froiz.es\/wp-content\/uploads\/2025\/02\/11-260x173.jpg 260w, https:\/\/froiz.es\/wp-content\/uploads\/2025\/02\/11-136x91.jpg 136w, https:\/\/froiz.es\/wp-content\/uploads\/2025\/02\/11-768x512.jpg 768w, https:\/\/froiz.es\/wp-content\/uploads\/2025\/02\/11.jpg 1500w\" sizes=\"(max-width: 561px) 100vw, 561px\" \/><\/figure>\n\n\n\n<figure class=\"wp-block-image size-large\"><img loading=\"lazy\" decoding=\"async\" width=\"561\" height=\"374\" data-id=\"36740\" src=\"https:\/\/froiz.es\/wp-content\/uploads\/2025\/02\/12-561x374.jpg\" alt=\"\" class=\"wp-image-36740\" srcset=\"https:\/\/froiz.es\/wp-content\/uploads\/2025\/02\/12-561x374.jpg 561w, https:\/\/froiz.es\/wp-content\/uploads\/2025\/02\/12-260x173.jpg 260w, https:\/\/froiz.es\/wp-content\/uploads\/2025\/02\/12-136x91.jpg 136w, https:\/\/froiz.es\/wp-content\/uploads\/2025\/02\/12-768x512.jpg 768w, https:\/\/froiz.es\/wp-content\/uploads\/2025\/02\/12.jpg 1500w\" sizes=\"(max-width: 561px) 100vw, 561px\" \/><\/figure>\n\n\n\n<figure class=\"wp-block-image size-large\"><img loading=\"lazy\" decoding=\"async\" width=\"561\" height=\"374\" data-id=\"36746\" src=\"https:\/\/froiz.es\/wp-content\/uploads\/2025\/02\/13-561x374.jpg\" alt=\"\" class=\"wp-image-36746\" srcset=\"https:\/\/froiz.es\/wp-content\/uploads\/2025\/02\/13-561x374.jpg 561w, https:\/\/froiz.es\/wp-content\/uploads\/2025\/02\/13-260x173.jpg 260w, https:\/\/froiz.es\/wp-content\/uploads\/2025\/02\/13-136x91.jpg 136w, https:\/\/froiz.es\/wp-content\/uploads\/2025\/02\/13-768x512.jpg 768w, https:\/\/froiz.es\/wp-content\/uploads\/2025\/02\/13.jpg 1500w\" sizes=\"(max-width: 561px) 100vw, 561px\" \/><\/figure>\n<\/figure>\n\n<figure class=\"wp-block-image size-large\"><img loading=\"lazy\" decoding=\"async\" width=\"561\" height=\"374\" src=\"https:\/\/froiz.es\/wp-content\/uploads\/2025\/02\/14-2-561x374.jpg\" alt=\"\" class=\"wp-image-36768\" srcset=\"https:\/\/froiz.es\/wp-content\/uploads\/2025\/02\/14-2-561x374.jpg 561w, https:\/\/froiz.es\/wp-content\/uploads\/2025\/02\/14-2-260x173.jpg 260w, https:\/\/froiz.es\/wp-content\/uploads\/2025\/02\/14-2-136x91.jpg 136w, https:\/\/froiz.es\/wp-content\/uploads\/2025\/02\/14-2-768x512.jpg 768w, https:\/\/froiz.es\/wp-content\/uploads\/2025\/02\/14-2.jpg 1500w\" sizes=\"(max-width: 561px) 100vw, 561px\" \/><\/figure>\n","protected":false},"excerpt":{"rendered":"<p>A Asociaci\u00f3n Espa\u00f1ola de Distribuidores, Autoservizos e Supermercados, ASEDAS, rendeu homenaxe \u00e1 empresas de distribuci\u00f3n alimentaria -como \u00e9 o caso de Froiz- polo seu compromiso e labor no fomento e apoio ao deporte como disciplina que, tanto na pr\u00e1ctica profesional como amateur, difunde valores moi importantes para a sociedade e o mundo da empresa. Baixo [&hellip;]<\/p>\n","protected":false},"author":3,"featured_media":36745,"comment_status":"open","ping_status":"open","sticky":false,"template":"","format":"standard","meta":{"_acf_changed":false,"footnotes":""},"categories":[142],"tags":[],"class_list":["post-36781","post","type-post","status-publish","format-standard","has-post-thumbnail","hentry","category-reconecementos"],"acf":[],"publishpress_future_workflow_manual_trigger":{"enabledWorkflows":[]},"_links":{"self":[{"href":"https:\/\/froiz.es\/gl\/wp-json\/wp\/v2\/posts\/36781","targetHints":{"allow":["GET"]}}],"collection":[{"href":"https:\/\/froiz.es\/gl\/wp-json\/wp\/v2\/posts"}],"about":[{"href":"https:\/\/froiz.es\/gl\/wp-json\/wp\/v2\/types\/post"}],"author":[{"embeddable":true,"href":"https:\/\/froiz.es\/gl\/wp-json\/wp\/v2\/users\/3"}],"replies":[{"embeddable":true,"href":"https:\/\/froiz.es\/gl\/wp-json\/wp\/v2\/comments?post=36781"}],"version-history":[{"count":3,"href":"https:\/\/froiz.es\/gl\/wp-json\/wp\/v2\/posts\/36781\/revisions"}],"predecessor-version":[{"id":36784,"href":"https:\/\/froiz.es\/gl\/wp-json\/wp\/v2\/posts\/36781\/revisions\/36784"}],"wp:featuredmedia":[{"embeddable":true,"href":"https:\/\/froiz.es\/gl\/wp-json\/wp\/v2\/media\/36745"}],"wp:attachment":[{"href":"https:\/\/froiz.es\/gl\/wp-json\/wp\/v2\/media?parent=36781"}],"wp:term":[{"taxonomy":"category","embeddable":true,"href":"https:\/\/froiz.es\/gl\/wp-json\/wp\/v2\/categories?post=36781"},{"taxonomy":"post_tag","embeddable":true,"href":"https:\/\/froiz.es\/gl\/wp-json\/wp\/v2\/tags?post=36781"}],"curies":[{"name":"wp","href":"https:\/\/api.w.org\/{rel}","templated":true}]}}