{"id":36517,"date":"2025-01-08T13:18:59","date_gmt":"2025-01-08T12:18:59","guid":{"rendered":"https:\/\/froiz.es\/o-equipo-de-ciclocros-super-froiz-pecha-o-ano-con-varios-exitos\/"},"modified":"2025-01-14T18:58:25","modified_gmt":"2025-01-14T17:58:25","slug":"o-equipo-de-ciclocros-super-froiz-pecha-o-ano-con-varios-exitos","status":"publish","type":"post","link":"https:\/\/froiz.es\/gl\/o-equipo-de-ciclocros-super-froiz-pecha-o-ano-con-varios-exitos\/","title":{"rendered":"O equipo de ciclocr\u00f3s S\u00faper Froiz arrinca o ano con varios \u00e9xitos"},"content":{"rendered":"\n<p>O <a href=\"https:\/\/www.equiposuperfroiz.com\/\" target=\"_blank\" rel=\"noopener\">Grupo Deportivo S\u00faper Froiz <\/a>de ciclocr\u00f3s arrincou o ano 2025 coa vitoria do Campionato de Espa\u00f1a de Ciclocr\u00f3s. O corredor Miguel Rodr\u00edguez foi un dos grandes protagonistas da \u00faltima xornada do campionato, ao dominar con moita autoridade a carreira de categor\u00eda sub-23. Rodr\u00edguez xa fora medalla de bronce en 2022 e prata en 2023. Na proba feminina Aroa Otero conseguiu o mellor resultado galego ao ser a quinta mellor sub-23 e novena na xeral, a pesar de non ter o seu mellor d\u00eda.<br\/><br\/>Ademais, pechou o 2024 con destacadas actuaci\u00f3ns nas \u00faltimas competici\u00f3ns. Nas recentes Copas de Galicia, Aroa Otero demostrou a s\u00faa supremac\u00eda ao conseguir a vitoria na categor\u00eda sub23-elite en ambas as probas. Pola s\u00faa banda, en elite feminina, Chus Barros logrou subir ao podio cun terceiro posto. Na Copa de Espa\u00f1a, o corredor Miguel Rodr\u00edguez finalizou no terceiro posto da xeral a s\u00f3 5 segundos do vencedor e como mellor corredor sub-23. Pola s\u00faa banda Aroa Otero f\u00edxose co segundo posto na clasificaci\u00f3n final da Copa de Espa\u00f1a sub-23. E Ra\u00fal Mira, ao que unha avar\u00eda mec\u00e1nica relegoulle ao noveno posto, obtivo o premio ao mellor Sub-23 na clasificaci\u00f3n xeral da Copa de Espa\u00f1a. Gonzalo Iguanzo foi quinto.        <\/p>\n\n<p><\/p>\n\n<figure class=\"wp-block-gallery has-nested-images columns-default is-cropped wp-block-gallery-1 is-layout-flex wp-block-gallery-is-layout-flex\">\n<figure class=\"wp-block-image size-large\"><img fetchpriority=\"high\" decoding=\"async\" width=\"666\" height=\"374\" data-id=\"36505\" src=\"https:\/\/froiz.es\/wp-content\/uploads\/2025\/01\/2024101218572355274-666x374.jpg\" alt=\"\" class=\"wp-image-36505\" srcset=\"https:\/\/froiz.es\/wp-content\/uploads\/2025\/01\/2024101218572355274-666x374.jpg 666w, https:\/\/froiz.es\/wp-content\/uploads\/2025\/01\/2024101218572355274-260x146.jpg 260w, https:\/\/froiz.es\/wp-content\/uploads\/2025\/01\/2024101218572355274-768x431.jpg 768w, https:\/\/froiz.es\/wp-content\/uploads\/2025\/01\/2024101218572355274.jpg 1200w\" sizes=\"(max-width: 666px) 100vw, 666px\" \/><\/figure>\n\n\n\n<figure class=\"wp-block-image size-large\"><img decoding=\"async\" width=\"664\" height=\"374\" data-id=\"36502\" src=\"https:\/\/froiz.es\/wp-content\/uploads\/2025\/01\/el-grupo-deportivo-froiz-cierra-el-ano-con-exito_17_966x544-664x374.webp\" alt=\"\" class=\"wp-image-36502\" srcset=\"https:\/\/froiz.es\/wp-content\/uploads\/2025\/01\/el-grupo-deportivo-froiz-cierra-el-ano-con-exito_17_966x544-664x374.webp 664w, https:\/\/froiz.es\/wp-content\/uploads\/2025\/01\/el-grupo-deportivo-froiz-cierra-el-ano-con-exito_17_966x544-260x146.webp 260w, https:\/\/froiz.es\/wp-content\/uploads\/2025\/01\/el-grupo-deportivo-froiz-cierra-el-ano-con-exito_17_966x544-768x432.webp 768w, https:\/\/froiz.es\/wp-content\/uploads\/2025\/01\/el-grupo-deportivo-froiz-cierra-el-ano-con-exito_17_966x544.webp 966w\" sizes=\"(max-width: 664px) 100vw, 664px\" \/><\/figure>\n\n\n\n<figure class=\"wp-block-image size-large\"><img decoding=\"async\" width=\"966\" height=\"544\" data-id=\"36494\" src=\"https:\/\/froiz.es\/wp-content\/uploads\/2025\/01\/4-664x374.webp\" alt=\"\" class=\"wp-image-36494\" srcset=\"https:\/\/froiz.es\/wp-content\/uploads\/2025\/01\/4-664x374.webp 664w, https:\/\/froiz.es\/wp-content\/uploads\/2025\/01\/4-260x146.webp 260w, https:\/\/froiz.es\/wp-content\/uploads\/2025\/01\/4-768x432.webp 768w, https:\/\/froiz.es\/wp-content\/uploads\/2025\/01\/4.webp 966w\" sizes=\"(max-width: 966px) 100vw, 966px\" \/><\/figure>\n\n\n\n<figure class=\"wp-block-image size-large\"><img loading=\"lazy\" decoding=\"async\" width=\"561\" height=\"374\" data-id=\"36498\" src=\"https:\/\/froiz.es\/wp-content\/uploads\/2025\/01\/3-561x374.jpg\" alt=\"\" class=\"wp-image-36498\" srcset=\"https:\/\/froiz.es\/wp-content\/uploads\/2025\/01\/3-561x374.jpg 561w, https:\/\/froiz.es\/wp-content\/uploads\/2025\/01\/3-260x173.jpg 260w, https:\/\/froiz.es\/wp-content\/uploads\/2025\/01\/3-136x91.jpg 136w, https:\/\/froiz.es\/wp-content\/uploads\/2025\/01\/3-768x512.jpg 768w, https:\/\/froiz.es\/wp-content\/uploads\/2025\/01\/3-1536x1024.jpg 1536w, https:\/\/froiz.es\/wp-content\/uploads\/2025\/01\/3-2048x1366.jpg 2048w\" sizes=\"(max-width: 561px) 100vw, 561px\" \/><\/figure>\n\n\n\n<figure class=\"wp-block-image size-large\"><img loading=\"lazy\" decoding=\"async\" width=\"664\" height=\"374\" data-id=\"36546\" src=\"https:\/\/froiz.es\/wp-content\/uploads\/2025\/01\/miguel-rodriguez_17_966x544-664x374.webp\" alt=\"\" class=\"wp-image-36546\" srcset=\"https:\/\/froiz.es\/wp-content\/uploads\/2025\/01\/miguel-rodriguez_17_966x544-664x374.webp 664w, https:\/\/froiz.es\/wp-content\/uploads\/2025\/01\/miguel-rodriguez_17_966x544-260x146.webp 260w, https:\/\/froiz.es\/wp-content\/uploads\/2025\/01\/miguel-rodriguez_17_966x544-768x432.webp 768w, https:\/\/froiz.es\/wp-content\/uploads\/2025\/01\/miguel-rodriguez_17_966x544.webp 966w\" sizes=\"(max-width: 664px) 100vw, 664px\" \/><\/figure>\n\n\n\n<figure class=\"wp-block-image size-large\"><img loading=\"lazy\" decoding=\"async\" width=\"561\" height=\"374\" data-id=\"36496\" src=\"https:\/\/froiz.es\/wp-content\/uploads\/2025\/01\/1-1-561x374.jpg\" alt=\"\" class=\"wp-image-36496\" srcset=\"https:\/\/froiz.es\/wp-content\/uploads\/2025\/01\/1-1-561x374.jpg 561w, https:\/\/froiz.es\/wp-content\/uploads\/2025\/01\/1-1-260x173.jpg 260w, https:\/\/froiz.es\/wp-content\/uploads\/2025\/01\/1-1-136x91.jpg 136w, https:\/\/froiz.es\/wp-content\/uploads\/2025\/01\/1-1-768x512.jpg 768w, https:\/\/froiz.es\/wp-content\/uploads\/2025\/01\/1-1-1536x1024.jpg 1536w, https:\/\/froiz.es\/wp-content\/uploads\/2025\/01\/1-1-2048x1366.jpg 2048w\" sizes=\"(max-width: 561px) 100vw, 561px\" \/><\/figure>\n<\/figure>\n","protected":false},"excerpt":{"rendered":"<p>O Grupo Deportivo S\u00faper Froiz de ciclocr\u00f3s arrincou o ano 2025 coa vitoria do Campionato de Espa\u00f1a de Ciclocr\u00f3s. O corredor Miguel Rodr\u00edguez foi un dos grandes protagonistas da \u00faltima xornada do campionato, ao dominar con moita autoridade a carreira de categor\u00eda sub-23. Rodr\u00edguez xa fora medalla de bronce en 2022 e prata en 2023. [&hellip;]<\/p>\n","protected":false},"author":3,"featured_media":36547,"comment_status":"open","ping_status":"open","sticky":false,"template":"","format":"standard","meta":{"_acf_changed":false,"footnotes":""},"categories":[145,147],"tags":[],"class_list":["post-36517","post","type-post","status-publish","format-standard","has-post-thumbnail","hentry","category-deporte-gl","category-novidades"],"acf":[],"publishpress_future_workflow_manual_trigger":{"enabledWorkflows":[]},"_links":{"self":[{"href":"https:\/\/froiz.es\/gl\/wp-json\/wp\/v2\/posts\/36517","targetHints":{"allow":["GET"]}}],"collection":[{"href":"https:\/\/froiz.es\/gl\/wp-json\/wp\/v2\/posts"}],"about":[{"href":"https:\/\/froiz.es\/gl\/wp-json\/wp\/v2\/types\/post"}],"author":[{"embeddable":true,"href":"https:\/\/froiz.es\/gl\/wp-json\/wp\/v2\/users\/3"}],"replies":[{"embeddable":true,"href":"https:\/\/froiz.es\/gl\/wp-json\/wp\/v2\/comments?post=36517"}],"version-history":[{"count":7,"href":"https:\/\/froiz.es\/gl\/wp-json\/wp\/v2\/posts\/36517\/revisions"}],"predecessor-version":[{"id":36554,"href":"https:\/\/froiz.es\/gl\/wp-json\/wp\/v2\/posts\/36517\/revisions\/36554"}],"wp:featuredmedia":[{"embeddable":true,"href":"https:\/\/froiz.es\/gl\/wp-json\/wp\/v2\/media\/36547"}],"wp:attachment":[{"href":"https:\/\/froiz.es\/gl\/wp-json\/wp\/v2\/media?parent=36517"}],"wp:term":[{"taxonomy":"category","embeddable":true,"href":"https:\/\/froiz.es\/gl\/wp-json\/wp\/v2\/categories?post=36517"},{"taxonomy":"post_tag","embeddable":true,"href":"https:\/\/froiz.es\/gl\/wp-json\/wp\/v2\/tags?post=36517"}],"curies":[{"name":"wp","href":"https:\/\/api.w.org\/{rel}","templated":true}]}}