{"id":35134,"date":"2024-09-11T19:00:14","date_gmt":"2024-09-11T17:00:14","guid":{"rendered":"https:\/\/froiz.es\/froiz-apoia-a-fpdual-co-ciclo-de-comercializacion-de-produtos-alimentarios\/"},"modified":"2024-09-16T18:15:21","modified_gmt":"2024-09-16T16:15:21","slug":"froiz-apoia-a-fpdual-co-ciclo-de-comercializacion-de-produtos-alimentarios","status":"publish","type":"post","link":"https:\/\/froiz.es\/gl\/froiz-apoia-a-fpdual-co-ciclo-de-comercializacion-de-produtos-alimentarios\/","title":{"rendered":"Froiz apoia a FPdual co ciclo de Comercializaci\u00f3n de Produtos Alimentarios"},"content":{"rendered":"\n<p>A Volta ao cole&#8230; xa est\u00e1 aqu\u00ed e en todos os ciclos formativos. Tam\u00e9n na Fp Dual onde empresas como Froiz apoiamos o ciclo de Comercializaci\u00f3n de Produtos Alimentarios. Grazas a este grao, os alumnos ademais de recibir clases te\u00f3ricas poden realizar per\u00edodos de pr\u00e1cticas reais e remuneradas en distintos establecementos de alimentaci\u00f3n, como \u00e9 o caso dos nosos supermercados Froiz.  <\/p>\n\n<p>Diana, Alejandro e Alba, estudantes deste ciclo c\u00f3ntannos como \u00e9 o traballo diario nun supermercado Froiz e como \u00e9 o oficio nas secci\u00f3ns de frescos: carnicer\u00eda, charcuter\u00eda, peixar\u00eda, fruter\u00eda, e panader\u00eda; ademais, de caixa e reposici\u00f3n. Son os profesionais Froiz, titulares destas secci\u00f3ns, os que dedican parte d\u00e1 s\u00faa xornada laboral a formar a lestes novos alumnos. Aprenden a parte te\u00f3rica e pr\u00e1ctica en contidos como rastrexabilidade, cadea de fr\u00edo, seguridade alimentaria, manipulaci\u00f3n de alimentos, datas de caducidade e reposici\u00f3n, cortes e fileteados, xesti\u00f3n do punto de venda, servizo e atenci\u00f3n ao cliente. O obxectivo \u00e9 que os alumnos aprendan e co\u00f1ezan directamente o sector no que van traballar. Un novo ciclo formativo no mercado laboral que v\u00e9n dar formaci\u00f3n espec\u00edfica a estes futuros profesionais da alimentaci\u00f3n.<\/p>\n\n<figure class=\"wp-block-embed is-type-video is-provider-youtube wp-block-embed-youtube wp-embed-aspect-16-9 wp-has-aspect-ratio\"><div class=\"wp-block-embed__wrapper\"> \n<iframe title=\"FP Dual FROIZ\" width=\"800\" height=\"450\" src=\"https:\/\/www.youtube.com\/embed\/i8IqLmfKHCo?start=16&#038;feature=oembed\" frameborder=\"0\" allow=\"accelerometer; autoplay; clipboard-write; encrypted-media; gyroscope; picture-in-picture; web-share\" referrerpolicy=\"strict-origin-when-cross-origin\" allowfullscreen><\/iframe>\n <\/div><\/figure>\n","protected":false},"excerpt":{"rendered":"<p>A Volta ao cole&#8230; xa est\u00e1 aqu\u00ed e en todos os ciclos formativos. Tam\u00e9n na Fp Dual onde empresas como Froiz apoiamos o ciclo de Comercializaci\u00f3n de Produtos Alimentarios. Grazas a este grao, os alumnos ademais de recibir clases te\u00f3ricas poden realizar per\u00edodos de pr\u00e1cticas reais e remuneradas en distintos establecementos de alimentaci\u00f3n, como \u00e9 [&hellip;]<\/p>\n","protected":false},"author":3,"featured_media":33699,"comment_status":"open","ping_status":"open","sticky":false,"template":"","format":"standard","meta":{"_acf_changed":false,"footnotes":""},"categories":[147],"tags":[],"class_list":["post-35134","post","type-post","status-publish","format-standard","has-post-thumbnail","hentry","category-novidades"],"acf":[],"publishpress_future_workflow_manual_trigger":{"enabledWorkflows":[]},"_links":{"self":[{"href":"https:\/\/froiz.es\/gl\/wp-json\/wp\/v2\/posts\/35134","targetHints":{"allow":["GET"]}}],"collection":[{"href":"https:\/\/froiz.es\/gl\/wp-json\/wp\/v2\/posts"}],"about":[{"href":"https:\/\/froiz.es\/gl\/wp-json\/wp\/v2\/types\/post"}],"author":[{"embeddable":true,"href":"https:\/\/froiz.es\/gl\/wp-json\/wp\/v2\/users\/3"}],"replies":[{"embeddable":true,"href":"https:\/\/froiz.es\/gl\/wp-json\/wp\/v2\/comments?post=35134"}],"version-history":[{"count":1,"href":"https:\/\/froiz.es\/gl\/wp-json\/wp\/v2\/posts\/35134\/revisions"}],"predecessor-version":[{"id":35136,"href":"https:\/\/froiz.es\/gl\/wp-json\/wp\/v2\/posts\/35134\/revisions\/35136"}],"wp:featuredmedia":[{"embeddable":true,"href":"https:\/\/froiz.es\/gl\/wp-json\/wp\/v2\/media\/33699"}],"wp:attachment":[{"href":"https:\/\/froiz.es\/gl\/wp-json\/wp\/v2\/media?parent=35134"}],"wp:term":[{"taxonomy":"category","embeddable":true,"href":"https:\/\/froiz.es\/gl\/wp-json\/wp\/v2\/categories?post=35134"},{"taxonomy":"post_tag","embeddable":true,"href":"https:\/\/froiz.es\/gl\/wp-json\/wp\/v2\/tags?post=35134"}],"curies":[{"name":"wp","href":"https:\/\/api.w.org\/{rel}","templated":true}]}}