{"id":32974,"date":"2024-06-14T13:20:34","date_gmt":"2024-06-14T11:20:34","guid":{"rendered":"https:\/\/froiz.es\/froiz-colabora-co-xornal-local-diario-de-pontevedra-no-seu-135-aniversario\/"},"modified":"2024-07-11T11:39:44","modified_gmt":"2024-07-11T09:39:44","slug":"froiz-colabora-co-xornal-local-diario-de-pontevedra-no-seu-135-aniversario","status":"publish","type":"post","link":"https:\/\/froiz.es\/gl\/froiz-colabora-co-xornal-local-diario-de-pontevedra-no-seu-135-aniversario\/","title":{"rendered":"Froiz colabora co xornal local &#8220;Diario de Pontevedra&#8221; no seu 135 aniversario"},"content":{"rendered":"\n<p>A cabeceira &#8220;Diario de Pontevedra&#8221; celebra este ano o seu 135 aniversario. E con tal motivo organizou varios eventos. Un deles \u00e9 unha exposici\u00f3n itinerante, a p\u00e9 de r\u00faa, composta por 30 paneis nos que se poden ver <strong>portadas hist\u00f3ricas<\/strong> do xornal ao longo de toda a s\u00faa vida empresarial e informativa. A empresa Froiz colabora con esta exposici\u00f3n que mostra aos veci\u00f1os e lectores a historia pol\u00edtica, social, econ\u00f3mica, cultural e deportiva do pa\u00eds e da cidade de Pontevedra e a s\u00faa comarca. Tras o seu paso por aqu\u00ed, a exposici\u00f3n expo\u00f1erase nas localidades pontevedresas lim\u00edtrofes como Mar\u00edn, O Grove, Sanxenxo e Caldas de Reis.<\/p>\n\n<p>Este xornal foi <strong> fundado en 1889<\/strong> e deixou de imprimirse ao finalizar a Guerra Civil, en 1939. Volveu sa\u00edr \u00e1 r\u00faa 24 anos despois, en <strong>1964.<\/strong> E converteuse en cooperativa de traballadores en 1968 e desde 1999 pertence ao Grupo O Progreso de Lugo.<\/p>\n\n<p>A empresa Froiz -nos seus 56 anos de traxectoria empresarial- tam\u00e9n foi part\u00edcipe da historia deste xornal. Os primeiros anuncios comerciais de ofertas public\u00e1ronse no nadal dos anos 1970 e 1971; a partir de a\u00ed foi e \u00e9 frecuente a presenza da marca Froiz na s\u00faa p\u00e1xinas de papel e desde hai uns anos tam\u00e9n na s\u00faa versi\u00f3n dixital.<\/p>\n\n<p><a href=\"https:\/\/www.diariodepontevedra.es\/articulo\/pontevedra\/diario-pontevedra-celebra-pie-calle-135o-aniversario\/202406141214221308656.html\" target=\"_blank\" rel=\"noopener\">M\u00e1s info aqu\u00ed. <\/a><\/p>\n\n<figure class=\"wp-block-gallery has-nested-images columns-default is-cropped wp-block-gallery-1 is-layout-flex wp-block-gallery-is-layout-flex\">\n<figure class=\"wp-block-image size-large\"><img fetchpriority=\"high\" decoding=\"async\" width=\"561\" height=\"374\" data-id=\"32637\" src=\"https:\/\/froiz.es\/wp-content\/uploads\/2024\/06\/cent01-1-561x374.jpg\" alt=\"\" class=\"wp-image-32637\" srcset=\"https:\/\/froiz.es\/wp-content\/uploads\/2024\/06\/cent01-1-561x374.jpg 561w, https:\/\/froiz.es\/wp-content\/uploads\/2024\/06\/cent01-1-260x173.jpg 260w, https:\/\/froiz.es\/wp-content\/uploads\/2024\/06\/cent01-1-136x91.jpg 136w, https:\/\/froiz.es\/wp-content\/uploads\/2024\/06\/cent01-1-768x512.jpg 768w, https:\/\/froiz.es\/wp-content\/uploads\/2024\/06\/cent01-1.jpg 1000w\" sizes=\"(max-width: 561px) 100vw, 561px\" \/><\/figure>\n\n\n\n<figure class=\"wp-block-image size-large\"><img decoding=\"async\" width=\"561\" height=\"374\" data-id=\"32632\" src=\"https:\/\/froiz.es\/wp-content\/uploads\/2024\/06\/cent02-561x374.jpg\" alt=\"\" class=\"wp-image-32632\" srcset=\"https:\/\/froiz.es\/wp-content\/uploads\/2024\/06\/cent02-561x374.jpg 561w, https:\/\/froiz.es\/wp-content\/uploads\/2024\/06\/cent02-260x173.jpg 260w, https:\/\/froiz.es\/wp-content\/uploads\/2024\/06\/cent02-136x91.jpg 136w, https:\/\/froiz.es\/wp-content\/uploads\/2024\/06\/cent02-768x512.jpg 768w, https:\/\/froiz.es\/wp-content\/uploads\/2024\/06\/cent02.jpg 1000w\" sizes=\"(max-width: 561px) 100vw, 561px\" \/><\/figure>\n\n\n\n<figure class=\"wp-block-image size-large\"><img decoding=\"async\" width=\"561\" height=\"374\" data-id=\"32636\" src=\"https:\/\/froiz.es\/wp-content\/uploads\/2024\/06\/cent03-561x374.jpg\" alt=\"\" class=\"wp-image-32636\" srcset=\"https:\/\/froiz.es\/wp-content\/uploads\/2024\/06\/cent03-561x374.jpg 561w, https:\/\/froiz.es\/wp-content\/uploads\/2024\/06\/cent03-260x173.jpg 260w, https:\/\/froiz.es\/wp-content\/uploads\/2024\/06\/cent03-136x91.jpg 136w, https:\/\/froiz.es\/wp-content\/uploads\/2024\/06\/cent03-768x512.jpg 768w, https:\/\/froiz.es\/wp-content\/uploads\/2024\/06\/cent03.jpg 1000w\" sizes=\"(max-width: 561px) 100vw, 561px\" \/><\/figure>\n\n\n\n<figure class=\"wp-block-image size-large\"><img loading=\"lazy\" decoding=\"async\" width=\"561\" height=\"374\" data-id=\"32640\" src=\"https:\/\/froiz.es\/wp-content\/uploads\/2024\/06\/cent04-561x374.jpg\" alt=\"\" class=\"wp-image-32640\" srcset=\"https:\/\/froiz.es\/wp-content\/uploads\/2024\/06\/cent04-561x374.jpg 561w, https:\/\/froiz.es\/wp-content\/uploads\/2024\/06\/cent04-260x173.jpg 260w, https:\/\/froiz.es\/wp-content\/uploads\/2024\/06\/cent04-136x91.jpg 136w, https:\/\/froiz.es\/wp-content\/uploads\/2024\/06\/cent04-768x512.jpg 768w, https:\/\/froiz.es\/wp-content\/uploads\/2024\/06\/cent04.jpg 1000w\" sizes=\"(max-width: 561px) 100vw, 561px\" \/><\/figure>\n\n\n\n<figure class=\"wp-block-image size-large\"><img loading=\"lazy\" decoding=\"async\" width=\"561\" height=\"374\" data-id=\"32659\" src=\"https:\/\/froiz.es\/wp-content\/uploads\/2024\/06\/2024061319315318172-561x374.jpg\" alt=\"\" class=\"wp-image-32659\" srcset=\"https:\/\/froiz.es\/wp-content\/uploads\/2024\/06\/2024061319315318172-561x374.jpg 561w, https:\/\/froiz.es\/wp-content\/uploads\/2024\/06\/2024061319315318172-260x173.jpg 260w, https:\/\/froiz.es\/wp-content\/uploads\/2024\/06\/2024061319315318172-136x91.jpg 136w, https:\/\/froiz.es\/wp-content\/uploads\/2024\/06\/2024061319315318172-768x512.jpg 768w, https:\/\/froiz.es\/wp-content\/uploads\/2024\/06\/2024061319315318172.jpg 1080w\" sizes=\"(max-width: 561px) 100vw, 561px\" \/><\/figure>\n<\/figure>\n","protected":false},"excerpt":{"rendered":"<p>A cabeceira &#8220;Diario de Pontevedra&#8221; celebra este ano o seu 135 aniversario. E con tal motivo organizou varios eventos. Un deles \u00e9 unha exposici\u00f3n itinerante, a p\u00e9 de r\u00faa, composta por 30 paneis nos que se poden ver portadas hist\u00f3ricas do xornal ao longo de toda a s\u00faa vida empresarial e informativa. A empresa Froiz [&hellip;]<\/p>\n","protected":false},"author":3,"featured_media":32631,"comment_status":"open","ping_status":"open","sticky":false,"template":"","format":"standard","meta":{"_acf_changed":false,"footnotes":""},"categories":[147],"tags":[],"class_list":["post-32974","post","type-post","status-publish","format-standard","has-post-thumbnail","hentry","category-novidades"],"acf":[],"publishpress_future_workflow_manual_trigger":{"enabledWorkflows":[]},"_links":{"self":[{"href":"https:\/\/froiz.es\/gl\/wp-json\/wp\/v2\/posts\/32974","targetHints":{"allow":["GET"]}}],"collection":[{"href":"https:\/\/froiz.es\/gl\/wp-json\/wp\/v2\/posts"}],"about":[{"href":"https:\/\/froiz.es\/gl\/wp-json\/wp\/v2\/types\/post"}],"author":[{"embeddable":true,"href":"https:\/\/froiz.es\/gl\/wp-json\/wp\/v2\/users\/3"}],"replies":[{"embeddable":true,"href":"https:\/\/froiz.es\/gl\/wp-json\/wp\/v2\/comments?post=32974"}],"version-history":[{"count":1,"href":"https:\/\/froiz.es\/gl\/wp-json\/wp\/v2\/posts\/32974\/revisions"}],"predecessor-version":[{"id":32975,"href":"https:\/\/froiz.es\/gl\/wp-json\/wp\/v2\/posts\/32974\/revisions\/32975"}],"wp:featuredmedia":[{"embeddable":true,"href":"https:\/\/froiz.es\/gl\/wp-json\/wp\/v2\/media\/32631"}],"wp:attachment":[{"href":"https:\/\/froiz.es\/gl\/wp-json\/wp\/v2\/media?parent=32974"}],"wp:term":[{"taxonomy":"category","embeddable":true,"href":"https:\/\/froiz.es\/gl\/wp-json\/wp\/v2\/categories?post=32974"},{"taxonomy":"post_tag","embeddable":true,"href":"https:\/\/froiz.es\/gl\/wp-json\/wp\/v2\/tags?post=32974"}],"curies":[{"name":"wp","href":"https:\/\/api.w.org\/{rel}","templated":true}]}}