{"id":32547,"date":"2024-03-07T19:48:35","date_gmt":"2024-03-07T18:48:35","guid":{"rendered":"https:\/\/froiz.es\/nova-campana-audiovisual-da-empresa-froiz-para-rtvg\/"},"modified":"2024-06-07T16:43:38","modified_gmt":"2024-06-07T14:43:38","slug":"nova-campana-audiovisual-da-empresa-froiz-para-rtvg","status":"publish","type":"post","link":"https:\/\/froiz.es\/gl\/nova-campana-audiovisual-da-empresa-froiz-para-rtvg\/","title":{"rendered":"Nova campa\u00f1a audiovisual da empresa Froiz para RTVG"},"content":{"rendered":"\n<p>A empresa Froiz activa unha nova campa\u00f1a audiovisual dirixida principalmente ao medio televisi\u00f3n e volve contar coa presentadora galega <a href=\"https:\/\/www.instagram.com\/esther.estevez\/?hl=es\" target=\"_blank\" rel=\"noreferrer noopener\">Esther Est\u00e9vez <\/a> que xa protagonizara a campa\u00f1a publicitaria do nadal 2023. O novo anuncio \u00e9 unha peza audiovisual en dous idiomas (<a href=\"https:\/\/www.youtube.com\/watch?v=yXSoihHnGwU\" data-type=\"link\" data-id=\"https:\/\/www.youtube.com\/watch?v=yXSoihHnGwU\" target=\"_blank\" rel=\"noopener\">castel\u00e1n <\/a> e <a href=\"https:\/\/www.youtube.com\/watch?v=xny3quNanM0\" data-type=\"link\" data-id=\"https:\/\/www.youtube.com\/watch?v=xny3quNanM0\" target=\"_blank\" rel=\"noopener\">galego<\/a>) e em\u00edtese a diario na cadea auton\u00f3mica RTVG. Nesta ocasi\u00f3n Esther comenta os valores diferenciais que ten a marca Froiz como son a calidade, os bos prezos, o servizo e a atenci\u00f3n; e por suposto, unha ampla variedade en produtos frescos, marcas l\u00edderes e produto Froiz. Conta ao espectador con frescura e naturalidade todos estes atributos mentres realiza a compra nun establecemento Froiz, en concreto, na secci\u00f3n de fruter\u00eda. <\/p>\n\n<p>Volveuse a confiar en Esther xa que conta cun gran alcance en redes sociais, sobre todo, entre o p\u00fablico m\u00e1is novo. A s\u00faa presenza nas redes Instagram e Tik Tok acumula preto de medio mill\u00f3n de seguidores. Actualmente enc\u00e1rgase de conducir varios programas de televisi\u00f3n de m\u00e1xima audiencia na cadea RTVG como son <a href=\"https:\/\/digochoeu.gal\/\" target=\"_blank\" rel=\"noreferrer noopener\">Digochoeu <\/a> e <a href=\"https:\/\/www.crtvg.es\/tvg\/programas\/luar\" target=\"_blank\" rel=\"noreferrer noopener\">Luar<\/a>. <\/p>\n\n<p>A idea creativa deste anuncio \u00e9 salientar os valores diferenciais que ofrecemos como empresa de alimentaci\u00f3n e significar o punto de venda, o supermercado, como epicentro da nosa actividade diaria.<\/p>\n\n<figure class=\"wp-block-embed is-type-video is-provider-youtube wp-block-embed-youtube wp-embed-aspect-16-9 wp-has-aspect-ratio\"><div class=\"wp-block-embed__wrapper\">\n<iframe title=\"Spot Valores Froiz 2024 | Castellano\" width=\"800\" height=\"450\" src=\"https:\/\/www.youtube.com\/embed\/yXSoihHnGwU?feature=oembed\" frameborder=\"0\" allow=\"accelerometer; autoplay; clipboard-write; encrypted-media; gyroscope; picture-in-picture; web-share\" referrerpolicy=\"strict-origin-when-cross-origin\" allowfullscreen><\/iframe>\n<\/div><\/figure>\n","protected":false},"excerpt":{"rendered":"<p>A empresa Froiz activa unha nova campa\u00f1a audiovisual dirixida principalmente ao medio televisi\u00f3n e volve contar coa presentadora galega Esther Est\u00e9vez que xa protagonizara a campa\u00f1a publicitaria do nadal 2023. O novo anuncio \u00e9 unha peza audiovisual en dous idiomas (castel\u00e1n e galego) e em\u00edtese a diario na cadea auton\u00f3mica RTVG. Nesta ocasi\u00f3n Esther comenta [&hellip;]<\/p>\n","protected":false},"author":3,"featured_media":31201,"comment_status":"open","ping_status":"open","sticky":false,"template":"","format":"standard","meta":{"_acf_changed":false,"footnotes":""},"categories":[147],"tags":[],"class_list":["post-32547","post","type-post","status-publish","format-standard","has-post-thumbnail","hentry","category-novidades"],"acf":[],"publishpress_future_workflow_manual_trigger":{"enabledWorkflows":[]},"_links":{"self":[{"href":"https:\/\/froiz.es\/gl\/wp-json\/wp\/v2\/posts\/32547","targetHints":{"allow":["GET"]}}],"collection":[{"href":"https:\/\/froiz.es\/gl\/wp-json\/wp\/v2\/posts"}],"about":[{"href":"https:\/\/froiz.es\/gl\/wp-json\/wp\/v2\/types\/post"}],"author":[{"embeddable":true,"href":"https:\/\/froiz.es\/gl\/wp-json\/wp\/v2\/users\/3"}],"replies":[{"embeddable":true,"href":"https:\/\/froiz.es\/gl\/wp-json\/wp\/v2\/comments?post=32547"}],"version-history":[{"count":1,"href":"https:\/\/froiz.es\/gl\/wp-json\/wp\/v2\/posts\/32547\/revisions"}],"predecessor-version":[{"id":32548,"href":"https:\/\/froiz.es\/gl\/wp-json\/wp\/v2\/posts\/32547\/revisions\/32548"}],"wp:featuredmedia":[{"embeddable":true,"href":"https:\/\/froiz.es\/gl\/wp-json\/wp\/v2\/media\/31201"}],"wp:attachment":[{"href":"https:\/\/froiz.es\/gl\/wp-json\/wp\/v2\/media?parent=32547"}],"wp:term":[{"taxonomy":"category","embeddable":true,"href":"https:\/\/froiz.es\/gl\/wp-json\/wp\/v2\/categories?post=32547"},{"taxonomy":"post_tag","embeddable":true,"href":"https:\/\/froiz.es\/gl\/wp-json\/wp\/v2\/tags?post=32547"}],"curies":[{"name":"wp","href":"https:\/\/api.w.org\/{rel}","templated":true}]}}