{"id":32545,"date":"2024-04-16T13:12:06","date_gmt":"2024-04-16T11:12:06","guid":{"rendered":"https:\/\/froiz.es\/froiz-renova-o-selo-ambiental-residuo-zero-das-suas-plataformas-loxisticas-principais-de-lourido-poio-pontevedra\/"},"modified":"2024-06-07T16:40:49","modified_gmt":"2024-06-07T14:40:49","slug":"froiz-renova-o-selo-ambiental-residuo-zero-das-suas-plataformas-loxisticas-principais-de-lourido-poio-pontevedra","status":"publish","type":"post","link":"https:\/\/froiz.es\/gl\/froiz-renova-o-selo-ambiental-residuo-zero-das-suas-plataformas-loxisticas-principais-de-lourido-poio-pontevedra\/","title":{"rendered":"Froiz renova o selo ambiental &#8220;Residuo Zero&#8221; das s\u00faas plataformas lox\u00edsticas principais de Lourido (Poio), Pontevedra"},"content":{"rendered":"\n<p>Froiz renovou o selo \u2018De Residuos a Recursos: Zero ao Vertedoiro\u2019, de <a href=\"https:\/\/www.saica.com\/es\/saica-natur\/\" target=\"_blank\" rel=\"noopener\"> Saica Natur<\/a>, divisi\u00f3n do Grupo Saica especializada en xesti\u00f3n de residuos e servizos ambientais, que \u00e1 s\u00faa vez \u00e9 verificado pola entidade de certificaci\u00f3n internacional T\u00dcV S\u00dcD. Durante o ano 2023, a empresa conseguiu valorizar case o 98% (97,89%) dos residuos xerados. O selo acredita que esa porcentaxe de residuos foi destinado \u00e1 reutilizaci\u00f3n e <a href=\"https:\/\/froiz.es\/gl\/datos-reciclado-2023\/\">reciclaxe <\/a> evitando o seu dep\u00f3sito ao vertedoiro, convert\u00e9ndose nunha das plataformas m\u00e1is sostibles. <\/p>\n\n<p>O \u00e9xito deste proxecto fundam\u00e9ntase na estreita colaboraci\u00f3n entre ambas as compa\u00f1\u00edas para buscar soluci\u00f3ns baseadas na reciclaxe e o aproveitamento dos residuos xerados. <\/p>\n\n<p>Durante 2023, no conxunto total da empresa (Espa\u00f1a e Portugal) recicl\u00e1ronse <strong><a href=\"https:\/\/froiz.es\/gl\/datos-reciclado-2023\/\">6.318.664 quilos de residuos<\/a><\/strong> de distintas tipolox\u00edas, dos cales <strong>Saica Natur recuperou 3.101.260 de residuos,<\/strong> que foron xestionados base\u00e1ndose en dous principios: a segregaci\u00f3n en orixe e a procura de alternativas ao vertedoiro. Ambos os enfoques son a clave do proxecto do selo &#8220;Residuo Zero&#8221; que deu lugar a distintos modelos de circularidade posibilitando o aproveitamento dos residuos como materias primas secundarias. <\/p>\n\n<ul class=\"wp-block-list\">\n<li>Os residuos de papel e cart\u00f3n xestionados por Saica Naturhan <strong>foron transformados no equivalente a m\u00e1is de 18 mill\u00f3ns de caixas de cart\u00f3n 100% reciclado<\/strong> e reciclable que poder\u00e1n volver a reintroducirse .<\/li>\n\n\n\n<li>Por otra parte, el polietileno de baja densidad recuperado <strong>ha sido transformado en 1,1 millones de m2 de film reciclado para el desarrollo de nuevas aplicaciones<\/strong> como son: el pl\u00e1stico film retr\u00e1ctil para la paletizaci\u00f3n de productos, el film para pl\u00e1stico burbuja o el film estirable. <\/li>\n\n\n\n<li>Dentro desta circularidade, tam\u00e9n se contempla o futuro proxecto de fabricaci\u00f3n de bolsas corporativas con material procedente das toneladas de pl\u00e1stico reciclado pola propia empresa. Actualmente estas bolsas est\u00e1n fabricadas con m\u00e1is dun 80% de material reciclado an\u00f3nimo. <\/li>\n<\/ul>\n\n<p><\/p>\n\n<p>Para Froiz, a renovaci\u00f3n deste reco\u00f1ecemento en alianza con Saica Natur enm\u00e1rcase no pleno compromiso coa sustentabilidade, o medio ambiente e a reduci\u00f3n do impacto derivado de nosa propia actividade. <\/p>\n\n<p>Outras <strong>medidas de sustentabilidade implementadas<\/strong> xa na empresa e encami\u00f1adas \u00e1 diminuci\u00f3n da emisi\u00f3ns de CO2 e reduci\u00f3n dos residuos que xeramos nos \u00e1mbitos da lox\u00edstica, rede comercial, aprovisionamento, reposici\u00f3n e vendas, son: <\/p>\n\n<ul class=\"wp-block-list\">\n<li>Estamos adscritos ao <strong>Sistema Integrado de Xesti\u00f3n (SIG) de Ecoembes.<\/strong><\/li>\n\n\n\n<li>Na promoci\u00f3n dun modelo lox\u00edstico sostible, reutilizamos palets de madeira de Chep Espa\u00f1a e LPR procedentes de madeira certificada.<strong>Dous de cada tres palets reutil\u00edzanse<\/strong>, o que permite un maior aforro en madeira (talla de \u00e1rbores). Reciclamos o 100% dos envases comerciais dun s\u00f3 uso. <\/li>\n\n\n\n<li><a href=\"https:\/\/froiz.es\/gl\/benestar-animal\/\">Pesca sostible. <\/a> Fomentamos o consumo de produtos de acuicultura sostible a trav\u00e9s da comercializaci\u00f3n de peixes co selo \u201c<a href=\"https:\/\/crianzamaresyriosdespana.es\/\" target=\"_blank\" rel=\"noopener\">Crianza Mares e R\u00edos de Espa\u00f1a\u201d.<\/a> Ap\u00f3iase a pesca de proximidade coa compra de peixe e marisco a confrar\u00edas locais e a mellora continua en canto a m\u00e9todos e artes de pesca.<\/li>\n\n\n\n<li>Participamos no <a href=\"https:\/\/froiz.es\/gl\/desperdicio-alimentario\/\">plan nacional de AECOC contra o Desperdicio alimentario<\/a>, que busca reducir o desperdicio de alimentos en toda a cadea alimentaria.<\/li>\n\n\n\n<li>Venda de produtos frescos de quil\u00f3metro cero ao dispor do cliente en tan s\u00f3 24-48 horas.<\/li>\n\n\n\n<li><a href=\"https:\/\/froiz.es\/la-ocu-destaca-a-froiz-por-ofrecer-descuentos-del-50-en-articulos-proximos-caducar\/\">Realizamos promoci\u00f3ns e\/o doaz\u00f3ns de produtos cuxa data de caducidade est\u00e1 pr\u00f3xima.<\/a><\/li>\n\n\n\n<li>Venda de produtos por unidades, o que facilita que o cliente compre a cantidade que realmente necesita (3 toros, 2 filetes, 1 lim\u00f3n\u2026), sen necesidade de adquirir m\u00e1is unidades.<\/li>\n\n\n\n<li><a href=\"https:\/\/froiz.es\/gl\/envases-sostibles\/\">Eliminaci\u00f3n das bolsas de pl\u00e1stico. Uso de envases e embalaxes m\u00e1is sostibles.<\/a><\/li>\n\n\n\n<li>Selos ambientais FSC e PEFC en folletos, tickets da compra, caixas de cart\u00f3n e bolsas de papel.<\/li>\n\n\n\n<li>Ticket electr\u00f3nico para as compras de traballadores e clientes en li\u00f1a.<\/li>\n\n\n\n<li><a href=\"https:\/\/froiz.es\/gl\/instalacions-eco-eficientes\/\">Innovaci\u00f3n en climatizaci\u00f3n e refrixeraci\u00f3n das instalaci\u00f3ns.<\/a><\/li>\n\n\n\n<li><a href=\"https:\/\/froiz.es\/el-388-de-la-energia-que-consume-la-empresa-en-su-conjunto-procede-de-fuentes-renovables\/\">Preto do 40% da enerx\u00eda el\u00e9ctrica que consumimos nun ano procede de fontes renovables.<\/a><\/li>\n\n\n\n<li>M\u00e1s de 5.200 metros cadrados de paneis solares fotovoltaicos instalados o que permite o autoconsumo e o aforro enerx\u00e9tico.<\/li>\n\n\n\n<li><a href=\"https:\/\/froiz.es\/gl\/loxistica\/\">Veh\u00edculos el\u00e9ctricos para o env\u00edo de pedidos.<\/a><\/li>\n\n\n\n<li>Renovaci\u00f3n da frota de cami\u00f3ns e turismos por modelos m\u00e1is eficientes energ\u00e9ticamente.<\/li>\n\n\n\n<li><a href=\"https:\/\/froiz.es\/la-empresa-froiz-instala-6-puntos-de-recarga-de-coches-electricos-en-pontevedra-4-de-carga-ultra-rapida\/\">Puntos de recarga de veh\u00edculos el\u00e9ctricos para o uso dos nosos clientes nalg\u00fans centros Froiz.<\/a><\/li>\n<\/ul>\n\n<p><\/p>\n\n<figure class=\"wp-block-gallery has-nested-images columns-default is-cropped wp-block-gallery-1 is-layout-flex wp-block-gallery-is-layout-flex\">\n<figure class=\"wp-block-image size-large\"><img fetchpriority=\"high\" decoding=\"async\" width=\"561\" height=\"374\" data-id=\"31829\" src=\"https:\/\/froiz.es\/wp-content\/uploads\/2024\/04\/noticia-residuo-2-2-561x374.jpg\" alt=\"\" class=\"wp-image-31829\" srcset=\"https:\/\/froiz.es\/wp-content\/uploads\/2024\/04\/noticia-residuo-2-2-561x374.jpg 561w, https:\/\/froiz.es\/wp-content\/uploads\/2024\/04\/noticia-residuo-2-2-260x173.jpg 260w, https:\/\/froiz.es\/wp-content\/uploads\/2024\/04\/noticia-residuo-2-2-136x91.jpg 136w, https:\/\/froiz.es\/wp-content\/uploads\/2024\/04\/noticia-residuo-2-2-768x512.jpg 768w, https:\/\/froiz.es\/wp-content\/uploads\/2024\/04\/noticia-residuo-2-2.jpg 1320w\" sizes=\"(max-width: 561px) 100vw, 561px\" \/><\/figure>\n\n\n\n<figure class=\"wp-block-image size-large\"><img decoding=\"async\" width=\"561\" height=\"374\" data-id=\"31825\" src=\"https:\/\/froiz.es\/wp-content\/uploads\/2024\/04\/palets-2-561x374.jpg\" alt=\"\" class=\"wp-image-31825\" srcset=\"https:\/\/froiz.es\/wp-content\/uploads\/2024\/04\/palets-2-561x374.jpg 561w, https:\/\/froiz.es\/wp-content\/uploads\/2024\/04\/palets-2-260x173.jpg 260w, https:\/\/froiz.es\/wp-content\/uploads\/2024\/04\/palets-2-136x91.jpg 136w, https:\/\/froiz.es\/wp-content\/uploads\/2024\/04\/palets-2-768x512.jpg 768w, https:\/\/froiz.es\/wp-content\/uploads\/2024\/04\/palets-2-1536x1024.jpg 1536w, https:\/\/froiz.es\/wp-content\/uploads\/2024\/04\/palets-2-2048x1366.jpg 2048w\" sizes=\"(max-width: 561px) 100vw, 561px\" \/><\/figure>\n\n\n\n<figure class=\"wp-block-image size-large\"><img decoding=\"async\" width=\"561\" height=\"374\" data-id=\"31834\" src=\"https:\/\/froiz.es\/wp-content\/uploads\/2024\/04\/palets-4-561x374.jpg\" alt=\"\" class=\"wp-image-31834\" srcset=\"https:\/\/froiz.es\/wp-content\/uploads\/2024\/04\/palets-4-561x374.jpg 561w, https:\/\/froiz.es\/wp-content\/uploads\/2024\/04\/palets-4-260x173.jpg 260w, https:\/\/froiz.es\/wp-content\/uploads\/2024\/04\/palets-4-136x91.jpg 136w, https:\/\/froiz.es\/wp-content\/uploads\/2024\/04\/palets-4-768x512.jpg 768w, https:\/\/froiz.es\/wp-content\/uploads\/2024\/04\/palets-4-1536x1024.jpg 1536w, https:\/\/froiz.es\/wp-content\/uploads\/2024\/04\/palets-4-2048x1366.jpg 2048w\" sizes=\"(max-width: 561px) 100vw, 561px\" \/><\/figure>\n<\/figure>\n\n<p><\/p>\n\n<p><\/p>\n","protected":false},"excerpt":{"rendered":"<p>Froiz renovou o selo \u2018De Residuos a Recursos: Zero ao Vertedoiro\u2019, de Saica Natur, divisi\u00f3n do Grupo Saica especializada en xesti\u00f3n de residuos e servizos ambientais, que \u00e1 s\u00faa vez \u00e9 verificado pola entidade de certificaci\u00f3n internacional T\u00dcV S\u00dcD. Durante o ano 2023, a empresa conseguiu valorizar case o 98% (97,89%) dos residuos xerados. O [&hellip;]<\/p>\n","protected":false},"author":3,"featured_media":31789,"comment_status":"open","ping_status":"open","sticky":false,"template":"","format":"standard","meta":{"_acf_changed":false,"footnotes":""},"categories":[147],"tags":[],"class_list":["post-32545","post","type-post","status-publish","format-standard","has-post-thumbnail","hentry","category-novidades"],"acf":[],"publishpress_future_workflow_manual_trigger":{"enabledWorkflows":[]},"_links":{"self":[{"href":"https:\/\/froiz.es\/gl\/wp-json\/wp\/v2\/posts\/32545","targetHints":{"allow":["GET"]}}],"collection":[{"href":"https:\/\/froiz.es\/gl\/wp-json\/wp\/v2\/posts"}],"about":[{"href":"https:\/\/froiz.es\/gl\/wp-json\/wp\/v2\/types\/post"}],"author":[{"embeddable":true,"href":"https:\/\/froiz.es\/gl\/wp-json\/wp\/v2\/users\/3"}],"replies":[{"embeddable":true,"href":"https:\/\/froiz.es\/gl\/wp-json\/wp\/v2\/comments?post=32545"}],"version-history":[{"count":1,"href":"https:\/\/froiz.es\/gl\/wp-json\/wp\/v2\/posts\/32545\/revisions"}],"predecessor-version":[{"id":32546,"href":"https:\/\/froiz.es\/gl\/wp-json\/wp\/v2\/posts\/32545\/revisions\/32546"}],"wp:featuredmedia":[{"embeddable":true,"href":"https:\/\/froiz.es\/gl\/wp-json\/wp\/v2\/media\/31789"}],"wp:attachment":[{"href":"https:\/\/froiz.es\/gl\/wp-json\/wp\/v2\/media?parent=32545"}],"wp:term":[{"taxonomy":"category","embeddable":true,"href":"https:\/\/froiz.es\/gl\/wp-json\/wp\/v2\/categories?post=32545"},{"taxonomy":"post_tag","embeddable":true,"href":"https:\/\/froiz.es\/gl\/wp-json\/wp\/v2\/tags?post=32545"}],"curies":[{"name":"wp","href":"https:\/\/api.w.org\/{rel}","templated":true}]}}