{"id":32251,"date":"2024-05-09T11:47:00","date_gmt":"2024-05-09T09:47:00","guid":{"rendered":"https:\/\/froiz.es\/froiz-colabora-co-concurso-de-cocina-anual-de-aspace-galicia\/"},"modified":"2024-05-14T17:22:56","modified_gmt":"2024-05-14T15:22:56","slug":"froiz-colabora-co-concurso-de-cocina-anual-de-aspace-galicia","status":"publish","type":"post","link":"https:\/\/froiz.es\/gl\/froiz-colabora-co-concurso-de-cocina-anual-de-aspace-galicia\/","title":{"rendered":"Froiz colabora co concurso de coci\u00f1a anual de ASPACE Galicia"},"content":{"rendered":"\n<p>A empresa colaborou un ano m\u00e1is coa entidade <a href=\"https:\/\/aspacegalicia.org\/\" data-type=\"link\" data-id=\"https:\/\/aspacegalicia.org\/\" target=\"_blank\" rel=\"noopener\">ASPACE Galicia: Federaci\u00f3n Galega de Par\u00e1lise Cerebral <\/a>na realizaci\u00f3n dunha nova edici\u00f3n da actividade &#8220;Coci\u00f1amos Xuntos&#8221; coa que se pretende favorecer a realizaci\u00f3n de actividades de lecer entre as persoas con par\u00e1lise cerebral e a s\u00faa contorna; ademais de fomentar a creatividade, responsabilidade e autonom\u00eda a trav\u00e9s dunha actividade en familia. Nesta s\u00e9tima edici\u00f3n, os participantes deb\u00edan elaborar cos seus familiares un prato de tenreira galega como ingrediente principal e para iso contaban coa colaboraci\u00f3n de varios coci\u00f1eiros do Grupo Nove. <br\/>O concurso consta de catro semifinais e unha gran final, repartidas nas localizaci\u00f3ns onde se atopan as asociaci\u00f3ns de Federaci\u00f3n ASPACE-Galicia (A Coru\u00f1a, Pontevedra, Vigo e Lugo). Este certame real\u00edzase todos os anos e forma parte do plan de actividades da entidade. <\/p>\n\n<p>Desde os nosos inicios, en Froiz temos presente a necesidade de colaborar coa sociedade, por iso \u00e9 polo que participemos en m\u00e1is de 1.900 acci\u00f3ns ao ano nos \u00e1mbitos do deporte, a solidariedade, a educaci\u00f3n, a divulgaci\u00f3n e a cultura.<\/p>\n\n<figure class=\"wp-block-gallery has-nested-images columns-default is-cropped wp-block-gallery-1 is-layout-flex wp-block-gallery-is-layout-flex\">\n<figure class=\"wp-block-image size-large\"><img fetchpriority=\"high\" decoding=\"async\" width=\"561\" height=\"374\" data-id=\"32182\" src=\"https:\/\/froiz.es\/wp-content\/uploads\/2024\/05\/2-1-561x374.jpg\" alt=\"\" class=\"wp-image-32182\" srcset=\"https:\/\/froiz.es\/wp-content\/uploads\/2024\/05\/2-1-561x374.jpg 561w, https:\/\/froiz.es\/wp-content\/uploads\/2024\/05\/2-1-260x173.jpg 260w, https:\/\/froiz.es\/wp-content\/uploads\/2024\/05\/2-1-136x91.jpg 136w, https:\/\/froiz.es\/wp-content\/uploads\/2024\/05\/2-1-768x512.jpg 768w, https:\/\/froiz.es\/wp-content\/uploads\/2024\/05\/2-1-1536x1024.jpg 1536w, https:\/\/froiz.es\/wp-content\/uploads\/2024\/05\/2-1-2048x1366.jpg 2048w\" sizes=\"(max-width: 561px) 100vw, 561px\" \/><\/figure>\n\n\n\n<figure class=\"wp-block-image size-large\"><img decoding=\"async\" width=\"561\" height=\"374\" data-id=\"32176\" src=\"https:\/\/froiz.es\/wp-content\/uploads\/2024\/05\/3-561x374.jpg\" alt=\"\" class=\"wp-image-32176\" srcset=\"https:\/\/froiz.es\/wp-content\/uploads\/2024\/05\/3-561x374.jpg 561w, https:\/\/froiz.es\/wp-content\/uploads\/2024\/05\/3-260x173.jpg 260w, https:\/\/froiz.es\/wp-content\/uploads\/2024\/05\/3-136x91.jpg 136w, https:\/\/froiz.es\/wp-content\/uploads\/2024\/05\/3-768x512.jpg 768w, https:\/\/froiz.es\/wp-content\/uploads\/2024\/05\/3-1536x1024.jpg 1536w, https:\/\/froiz.es\/wp-content\/uploads\/2024\/05\/3-2048x1366.jpg 2048w\" sizes=\"(max-width: 561px) 100vw, 561px\" \/><\/figure>\n\n\n\n<figure class=\"wp-block-image size-large\"><img decoding=\"async\" width=\"561\" height=\"374\" data-id=\"32174\" src=\"https:\/\/froiz.es\/wp-content\/uploads\/2024\/05\/5-561x374.jpg\" alt=\"\" class=\"wp-image-32174\" srcset=\"https:\/\/froiz.es\/wp-content\/uploads\/2024\/05\/5-561x374.jpg 561w, https:\/\/froiz.es\/wp-content\/uploads\/2024\/05\/5-260x173.jpg 260w, https:\/\/froiz.es\/wp-content\/uploads\/2024\/05\/5-136x91.jpg 136w, https:\/\/froiz.es\/wp-content\/uploads\/2024\/05\/5-768x512.jpg 768w, https:\/\/froiz.es\/wp-content\/uploads\/2024\/05\/5-1536x1024.jpg 1536w, https:\/\/froiz.es\/wp-content\/uploads\/2024\/05\/5-2048x1365.jpg 2048w\" sizes=\"(max-width: 561px) 100vw, 561px\" \/><\/figure>\n\n\n\n<figure class=\"wp-block-image size-large\"><img loading=\"lazy\" decoding=\"async\" width=\"561\" height=\"374\" data-id=\"32184\" src=\"https:\/\/froiz.es\/wp-content\/uploads\/2024\/05\/4-561x374.jpg\" alt=\"\" class=\"wp-image-32184\" srcset=\"https:\/\/froiz.es\/wp-content\/uploads\/2024\/05\/4-561x374.jpg 561w, https:\/\/froiz.es\/wp-content\/uploads\/2024\/05\/4-260x173.jpg 260w, https:\/\/froiz.es\/wp-content\/uploads\/2024\/05\/4-136x91.jpg 136w, https:\/\/froiz.es\/wp-content\/uploads\/2024\/05\/4-768x512.jpg 768w, https:\/\/froiz.es\/wp-content\/uploads\/2024\/05\/4-1536x1024.jpg 1536w, https:\/\/froiz.es\/wp-content\/uploads\/2024\/05\/4-2048x1366.jpg 2048w\" sizes=\"(max-width: 561px) 100vw, 561px\" \/><\/figure>\n\n\n\n<figure class=\"wp-block-image size-large\"><img loading=\"lazy\" decoding=\"async\" width=\"561\" height=\"374\" data-id=\"32180\" src=\"https:\/\/froiz.es\/wp-content\/uploads\/2024\/05\/6-561x374.jpg\" alt=\"\" class=\"wp-image-32180\" srcset=\"https:\/\/froiz.es\/wp-content\/uploads\/2024\/05\/6-561x374.jpg 561w, https:\/\/froiz.es\/wp-content\/uploads\/2024\/05\/6-260x173.jpg 260w, https:\/\/froiz.es\/wp-content\/uploads\/2024\/05\/6-136x91.jpg 136w, https:\/\/froiz.es\/wp-content\/uploads\/2024\/05\/6-768x512.jpg 768w, https:\/\/froiz.es\/wp-content\/uploads\/2024\/05\/6-1536x1024.jpg 1536w, https:\/\/froiz.es\/wp-content\/uploads\/2024\/05\/6-2048x1366.jpg 2048w\" sizes=\"(max-width: 561px) 100vw, 561px\" \/><\/figure>\n<\/figure>\n","protected":false},"excerpt":{"rendered":"<p>A empresa colaborou un ano m\u00e1is coa entidade ASPACE Galicia: Federaci\u00f3n Galega de Par\u00e1lise Cerebral na realizaci\u00f3n dunha nova edici\u00f3n da actividade &#8220;Coci\u00f1amos Xuntos&#8221; coa que se pretende favorecer a realizaci\u00f3n de actividades de lecer entre as persoas con par\u00e1lise cerebral e a s\u00faa contorna; ademais de fomentar a creatividade, responsabilidade e autonom\u00eda a trav\u00e9s [&hellip;]<\/p>\n","protected":false},"author":3,"featured_media":32249,"comment_status":"open","ping_status":"open","sticky":false,"template":"","format":"standard","meta":{"_acf_changed":false,"footnotes":""},"categories":[147],"tags":[],"class_list":["post-32251","post","type-post","status-publish","format-standard","has-post-thumbnail","hentry","category-novidades"],"acf":[],"publishpress_future_workflow_manual_trigger":{"enabledWorkflows":[]},"_links":{"self":[{"href":"https:\/\/froiz.es\/gl\/wp-json\/wp\/v2\/posts\/32251","targetHints":{"allow":["GET"]}}],"collection":[{"href":"https:\/\/froiz.es\/gl\/wp-json\/wp\/v2\/posts"}],"about":[{"href":"https:\/\/froiz.es\/gl\/wp-json\/wp\/v2\/types\/post"}],"author":[{"embeddable":true,"href":"https:\/\/froiz.es\/gl\/wp-json\/wp\/v2\/users\/3"}],"replies":[{"embeddable":true,"href":"https:\/\/froiz.es\/gl\/wp-json\/wp\/v2\/comments?post=32251"}],"version-history":[{"count":1,"href":"https:\/\/froiz.es\/gl\/wp-json\/wp\/v2\/posts\/32251\/revisions"}],"predecessor-version":[{"id":32252,"href":"https:\/\/froiz.es\/gl\/wp-json\/wp\/v2\/posts\/32251\/revisions\/32252"}],"wp:featuredmedia":[{"embeddable":true,"href":"https:\/\/froiz.es\/gl\/wp-json\/wp\/v2\/media\/32249"}],"wp:attachment":[{"href":"https:\/\/froiz.es\/gl\/wp-json\/wp\/v2\/media?parent=32251"}],"wp:term":[{"taxonomy":"category","embeddable":true,"href":"https:\/\/froiz.es\/gl\/wp-json\/wp\/v2\/categories?post=32251"},{"taxonomy":"post_tag","embeddable":true,"href":"https:\/\/froiz.es\/gl\/wp-json\/wp\/v2\/tags?post=32251"}],"curies":[{"name":"wp","href":"https:\/\/api.w.org\/{rel}","templated":true}]}}