{"id":31751,"date":"2024-04-05T10:45:35","date_gmt":"2024-04-05T08:45:35","guid":{"rendered":"https:\/\/froiz.es\/froiz-e-chocolates-trapa-levan-a-cabo-a-reforestacion-dun-monte-queimado-na-localidade-pontevedresa-de-gondomar\/"},"modified":"2024-04-10T10:15:17","modified_gmt":"2024-04-10T08:15:17","slug":"froiz-e-chocolates-trapa-levan-a-cabo-a-reforestacion-dun-monte-queimado-na-localidade-pontevedresa-de-gondomar","status":"publish","type":"post","link":"https:\/\/froiz.es\/gl\/froiz-e-chocolates-trapa-levan-a-cabo-a-reforestacion-dun-monte-queimado-na-localidade-pontevedresa-de-gondomar\/","title":{"rendered":"Froiz e Chocolates Trapa levan a cabo a reforestaci\u00f3n dun monte queimado na localidade pontevedresa de Gondomar"},"content":{"rendered":"\n<p>De forma conxunta as d\u00faas empresas, Froiz e Trapa, plantaron 2.000 \u00e1rbores de especies aut\u00f3ctonas como carballo e casti\u00f1eiro nunha zona desprovista de arboleda que fora queimada no ano 2017. O monte pertencente \u00e1 localidade pontevedresa de Gondomar, est\u00e1 preto do termo municipal de Nigr\u00e1n. Para levar a cabo este proxecto de reforestaci\u00f3n contouse coa colaboraci\u00f3n de distintos alumnos do <strong><a href=\"https:\/\/centrojuanmaria.org\/\" target=\"_blank\" rel=\"noopener\">Centro Juan Mar\u00eda de Gondomar, <\/a><\/strong>dedicado ao apoio de persoas con discapacidade intelectual, varios t\u00e9cnicos de Medio Ambiente da Xunta de Galicia e dos concellos de Gondomar e Nigr\u00e1n, axentes ambientais e unha empresa especializada en reforestaci\u00f3n. <\/p>\n\n<p><strong>Este proxecto de compensaci\u00f3n da pegada de carbono consiste en neutralizar a cantidade de emisi\u00f3ns que emiten de CO2 investindo economicamente nun proxecto ambiental sostible. As 2.000 \u00e1rbores plantados (1.400 casti\u00f1eiros e 600 carballos) supo\u00f1en 389 toneladas de CO2 absorbidas nun per\u00edodo de 30 anos.<\/strong><\/p>\n\n<p>A empresa Froiz cre no desenvolvemento sostible do negocio e na necesidade de reducir a pegada de carbono e o impacto ambiental. Neste sentido, as medidas de sustentabilidade implementadas en todas as \u00e1reas do negocio da empresa est\u00e1n dirixidas principalmente \u00e1 reduci\u00f3n e o aproveitamento dos residuos que xeramos nos \u00e1mbitos de lox\u00edstica, comercial, aprovisionamento, reposici\u00f3n e venda. <\/p>\n\n<p>O proxecto de <strong><a href=\"https:\/\/www.trapa.es\/nuestro-compromiso.html\" target=\"_blank\" rel=\"noopener\">Chocolates Trapa<\/a> \u2018Plantando futuro contigo\u2019<\/strong> ten como obxectivo loitar contra a desertizaci\u00f3n en distintas zonas do pa\u00eds e impulsar as zonas verdes nos n\u00facleos urbanos e conservar a biodiversidade. Tr\u00e1tase dunha iniciativa impulsada en colaboraci\u00f3n coa organizaci\u00f3n sen \u00e1nimo de lucro <a href=\"https:\/\/reforestproject.com\/\" target=\"_blank\" rel=\"noopener\"><strong>(R)Forest Project<\/strong><\/a> que promove a conservaci\u00f3n da contorna natural a trav\u00e9s da plantaci\u00f3n de \u00e1rbores naqueles puntos da xeograf\u00eda espa\u00f1ola arrasados pola desertificaci\u00f3n. Desde os seus inicios en 2021, <strong>\u2018Plantando futuro contigo\u2019 <\/strong>tivo unha gran acollida e uns excelentes resultados: a peche de ano, alcanzaranse as 18.000 \u00e1rbores plantados por todo o pa\u00eds grazas a este proxecto. Ata o de agora, a iniciativa recalou en Madrid, Valencia (Alcira), Andaluc\u00eda (Dos Hermanas, Sevilla), Castela e Le\u00f3n (Pe\u00f1afiel, Valladolid, e Villamuriel de Cerrato, Palencia), Cantabria (Suances), as Illas Canarias (Arafo, en Santa Cruz de Tenerife, e G\u00e1ldar, en Gran Canaria), A Rioxa (Lardero) e, agora, en Galicia (Gondomar).<\/p>\n\n<figure class=\"wp-block-gallery has-nested-images columns-default is-cropped wp-block-gallery-1 is-layout-flex wp-block-gallery-is-layout-flex\">\n<figure class=\"wp-block-image size-large\"><img fetchpriority=\"high\" decoding=\"async\" width=\"561\" height=\"374\" data-id=\"31715\" src=\"https:\/\/froiz.es\/wp-content\/uploads\/2024\/04\/5-561x374.jpg\" alt=\"\" class=\"wp-image-31715\" srcset=\"https:\/\/froiz.es\/wp-content\/uploads\/2024\/04\/5-561x374.jpg 561w, https:\/\/froiz.es\/wp-content\/uploads\/2024\/04\/5-260x173.jpg 260w, https:\/\/froiz.es\/wp-content\/uploads\/2024\/04\/5-136x91.jpg 136w, https:\/\/froiz.es\/wp-content\/uploads\/2024\/04\/5-768x512.jpg 768w, https:\/\/froiz.es\/wp-content\/uploads\/2024\/04\/5-1536x1024.jpg 1536w, https:\/\/froiz.es\/wp-content\/uploads\/2024\/04\/5-2048x1366.jpg 2048w\" sizes=\"(max-width: 561px) 100vw, 561px\" \/><\/figure>\n\n\n\n<figure class=\"wp-block-image size-large\"><img decoding=\"async\" width=\"561\" height=\"374\" data-id=\"31713\" src=\"https:\/\/froiz.es\/wp-content\/uploads\/2024\/04\/1-5-561x374.jpg\" alt=\"\" class=\"wp-image-31713\" srcset=\"https:\/\/froiz.es\/wp-content\/uploads\/2024\/04\/1-5-561x374.jpg 561w, https:\/\/froiz.es\/wp-content\/uploads\/2024\/04\/1-5-260x173.jpg 260w, https:\/\/froiz.es\/wp-content\/uploads\/2024\/04\/1-5-136x91.jpg 136w, https:\/\/froiz.es\/wp-content\/uploads\/2024\/04\/1-5-768x512.jpg 768w, https:\/\/froiz.es\/wp-content\/uploads\/2024\/04\/1-5-1536x1024.jpg 1536w, https:\/\/froiz.es\/wp-content\/uploads\/2024\/04\/1-5-2048x1366.jpg 2048w\" sizes=\"(max-width: 561px) 100vw, 561px\" \/><\/figure>\n\n\n\n<figure class=\"wp-block-image size-large\"><img decoding=\"async\" width=\"561\" height=\"374\" data-id=\"31721\" src=\"https:\/\/froiz.es\/wp-content\/uploads\/2024\/04\/2-4-561x374.jpg\" alt=\"\" class=\"wp-image-31721\" srcset=\"https:\/\/froiz.es\/wp-content\/uploads\/2024\/04\/2-4-561x374.jpg 561w, https:\/\/froiz.es\/wp-content\/uploads\/2024\/04\/2-4-260x173.jpg 260w, https:\/\/froiz.es\/wp-content\/uploads\/2024\/04\/2-4-136x91.jpg 136w, https:\/\/froiz.es\/wp-content\/uploads\/2024\/04\/2-4-768x512.jpg 768w, https:\/\/froiz.es\/wp-content\/uploads\/2024\/04\/2-4-1536x1024.jpg 1536w, https:\/\/froiz.es\/wp-content\/uploads\/2024\/04\/2-4-2048x1366.jpg 2048w\" sizes=\"(max-width: 561px) 100vw, 561px\" \/><\/figure>\n\n\n\n<figure class=\"wp-block-image size-large\"><img loading=\"lazy\" decoding=\"async\" width=\"561\" height=\"374\" data-id=\"31736\" src=\"https:\/\/froiz.es\/wp-content\/uploads\/2024\/04\/3-2-561x374.jpg\" alt=\"\" class=\"wp-image-31736\" srcset=\"https:\/\/froiz.es\/wp-content\/uploads\/2024\/04\/3-2-561x374.jpg 561w, https:\/\/froiz.es\/wp-content\/uploads\/2024\/04\/3-2-260x173.jpg 260w, https:\/\/froiz.es\/wp-content\/uploads\/2024\/04\/3-2-136x91.jpg 136w, https:\/\/froiz.es\/wp-content\/uploads\/2024\/04\/3-2-768x512.jpg 768w, https:\/\/froiz.es\/wp-content\/uploads\/2024\/04\/3-2-1536x1024.jpg 1536w, https:\/\/froiz.es\/wp-content\/uploads\/2024\/04\/3-2-2048x1366.jpg 2048w\" sizes=\"(max-width: 561px) 100vw, 561px\" \/><\/figure>\n\n\n\n<figure class=\"wp-block-image size-large\"><img loading=\"lazy\" decoding=\"async\" width=\"561\" height=\"374\" data-id=\"31719\" src=\"https:\/\/froiz.es\/wp-content\/uploads\/2024\/04\/4-561x374.jpg\" alt=\"\" class=\"wp-image-31719\" srcset=\"https:\/\/froiz.es\/wp-content\/uploads\/2024\/04\/4-561x374.jpg 561w, https:\/\/froiz.es\/wp-content\/uploads\/2024\/04\/4-260x173.jpg 260w, https:\/\/froiz.es\/wp-content\/uploads\/2024\/04\/4-136x91.jpg 136w, https:\/\/froiz.es\/wp-content\/uploads\/2024\/04\/4-768x512.jpg 768w, https:\/\/froiz.es\/wp-content\/uploads\/2024\/04\/4-1536x1024.jpg 1536w, https:\/\/froiz.es\/wp-content\/uploads\/2024\/04\/4-2048x1366.jpg 2048w\" sizes=\"(max-width: 561px) 100vw, 561px\" \/><\/figure>\n\n\n\n<figure class=\"wp-block-image size-large\"><img loading=\"lazy\" decoding=\"async\" width=\"561\" height=\"374\" data-id=\"31728\" src=\"https:\/\/froiz.es\/wp-content\/uploads\/2024\/04\/6-561x374.jpg\" alt=\"\" class=\"wp-image-31728\" srcset=\"https:\/\/froiz.es\/wp-content\/uploads\/2024\/04\/6-561x374.jpg 561w, https:\/\/froiz.es\/wp-content\/uploads\/2024\/04\/6-260x173.jpg 260w, https:\/\/froiz.es\/wp-content\/uploads\/2024\/04\/6-136x91.jpg 136w, https:\/\/froiz.es\/wp-content\/uploads\/2024\/04\/6-768x512.jpg 768w, https:\/\/froiz.es\/wp-content\/uploads\/2024\/04\/6-1536x1024.jpg 1536w, https:\/\/froiz.es\/wp-content\/uploads\/2024\/04\/6-2048x1366.jpg 2048w\" sizes=\"(max-width: 561px) 100vw, 561px\" \/><\/figure>\n<\/figure>\n","protected":false},"excerpt":{"rendered":"<p>De forma conxunta as d\u00faas empresas, Froiz e Trapa, plantaron 2.000 \u00e1rbores de especies aut\u00f3ctonas como carballo e casti\u00f1eiro nunha zona desprovista de arboleda que fora queimada no ano 2017. O monte pertencente \u00e1 localidade pontevedresa de Gondomar, est\u00e1 preto do termo municipal de Nigr\u00e1n. Para levar a cabo este proxecto de reforestaci\u00f3n contouse coa [&hellip;]<\/p>\n","protected":false},"author":3,"featured_media":31724,"comment_status":"open","ping_status":"open","sticky":false,"template":"","format":"standard","meta":{"_acf_changed":false,"footnotes":""},"categories":[147],"tags":[],"class_list":["post-31751","post","type-post","status-publish","format-standard","has-post-thumbnail","hentry","category-novidades"],"acf":[],"publishpress_future_workflow_manual_trigger":{"enabledWorkflows":[]},"_links":{"self":[{"href":"https:\/\/froiz.es\/gl\/wp-json\/wp\/v2\/posts\/31751","targetHints":{"allow":["GET"]}}],"collection":[{"href":"https:\/\/froiz.es\/gl\/wp-json\/wp\/v2\/posts"}],"about":[{"href":"https:\/\/froiz.es\/gl\/wp-json\/wp\/v2\/types\/post"}],"author":[{"embeddable":true,"href":"https:\/\/froiz.es\/gl\/wp-json\/wp\/v2\/users\/3"}],"replies":[{"embeddable":true,"href":"https:\/\/froiz.es\/gl\/wp-json\/wp\/v2\/comments?post=31751"}],"version-history":[{"count":1,"href":"https:\/\/froiz.es\/gl\/wp-json\/wp\/v2\/posts\/31751\/revisions"}],"predecessor-version":[{"id":31753,"href":"https:\/\/froiz.es\/gl\/wp-json\/wp\/v2\/posts\/31751\/revisions\/31753"}],"wp:featuredmedia":[{"embeddable":true,"href":"https:\/\/froiz.es\/gl\/wp-json\/wp\/v2\/media\/31724"}],"wp:attachment":[{"href":"https:\/\/froiz.es\/gl\/wp-json\/wp\/v2\/media?parent=31751"}],"wp:term":[{"taxonomy":"category","embeddable":true,"href":"https:\/\/froiz.es\/gl\/wp-json\/wp\/v2\/categories?post=31751"},{"taxonomy":"post_tag","embeddable":true,"href":"https:\/\/froiz.es\/gl\/wp-json\/wp\/v2\/tags?post=31751"}],"curies":[{"name":"wp","href":"https:\/\/api.w.org\/{rel}","templated":true}]}}