{"id":31023,"date":"2024-02-16T14:44:24","date_gmt":"2024-02-16T13:44:24","guid":{"rendered":"https:\/\/froiz.es\/presentacion-da-tempada-xxxvi-do-equipo-deportivo-super-froiz\/"},"modified":"2024-02-16T17:04:51","modified_gmt":"2024-02-16T16:04:51","slug":"presentacion-da-tempada-xxxvi-do-equipo-deportivo-super-froiz","status":"publish","type":"post","link":"https:\/\/froiz.es\/gl\/presentacion-da-tempada-xxxvi-do-equipo-deportivo-super-froiz\/","title":{"rendered":"Presentaci\u00f3n da tempada XXXVI do equipo deportivo S\u00faper Froiz"},"content":{"rendered":"\n<p>O <a href=\"https:\/\/equiposuperfroiz.com\/\" target=\"_blank\" rel=\"noreferrer noopener\">Grupo Deportivo S\u00faper Froiz<\/a> presentou a nova tempada deportiva dos seus dous equipos, o de estrada e o de ciclocr\u00f3s, de ciclismo amateur formados por mozos corredores: mozos e mozas amantes deste deporte. O equipo de ciclocr\u00f3s que xa leva 4 tempadas deportivas en activo, segue dirixido por Ana Portela e conta con 5 corredores: 2 mozo e 3 mozas. A escuadra de estrada est\u00e1 formada por 19 deportistas (10 incorporaci\u00f3ns e 9 renovaci\u00f3ns) cuxa idade media \u00e9 de 20 anos. O corpo t\u00e9cnico est\u00e1 capitaneado, un ano m\u00e1is, por Evaristo Portela.<\/p>\n\n<p>Como en anos anteriores, o equipo disputar\u00e1 esta tempada probas xa cl\u00e1sicas -nas categor\u00edas elite e sub 23- como son a Copa de Espa\u00f1a e a tradicionais Volta a Toledo, Zamora, Galicia, o Memorial Valenciaga e as voltas a Castell\u00f3 e volta a Espa\u00f1a sub-23.<\/p>\n\n<p>O equipo ciclista S\u00faper Froiz cumpre este ano 36 anos de andaina deportiva ininterrompida, o que o converte no equipo espa\u00f1ol de ciclismo amateur m\u00e1is lonxevo da s\u00faa categor\u00eda. O acto tivo lugar na cidade de Pontevedra e contou coa presenza dos representantes pol\u00edticos de distintas instituci\u00f3ns que apoiaron un ano m\u00e1is ao equipo, das marcas patrocinadoras, colaboradores e amigos do mundo do ciclismo.<\/p>\n\n<p>Moita sorte equipo!<\/p>\n\n<figure class=\"wp-block-gallery has-nested-images columns-default is-cropped wp-block-gallery-1 is-layout-flex wp-block-gallery-is-layout-flex\">\n<figure class=\"wp-block-image size-large\"><img fetchpriority=\"high\" decoding=\"async\" width=\"499\" height=\"374\" data-id=\"31012\" src=\"https:\/\/froiz.es\/wp-content\/uploads\/2024\/02\/IMG_5248-499x374.jpg\" alt=\"\" class=\"wp-image-31012\" srcset=\"https:\/\/froiz.es\/wp-content\/uploads\/2024\/02\/IMG_5248-499x374.jpg 499w, https:\/\/froiz.es\/wp-content\/uploads\/2024\/02\/IMG_5248-231x173.jpg 231w, https:\/\/froiz.es\/wp-content\/uploads\/2024\/02\/IMG_5248-768x576.jpg 768w, https:\/\/froiz.es\/wp-content\/uploads\/2024\/02\/IMG_5248-1536x1152.jpg 1536w, https:\/\/froiz.es\/wp-content\/uploads\/2024\/02\/IMG_5248.jpg 2016w\" sizes=\"(max-width: 499px) 100vw, 499px\" \/><\/figure>\n\n\n\n<figure class=\"wp-block-image size-large\"><img decoding=\"async\" width=\"499\" height=\"374\" data-id=\"31006\" src=\"https:\/\/froiz.es\/wp-content\/uploads\/2024\/02\/IMG_5255-499x374.jpg\" alt=\"\" class=\"wp-image-31006\" srcset=\"https:\/\/froiz.es\/wp-content\/uploads\/2024\/02\/IMG_5255-499x374.jpg 499w, https:\/\/froiz.es\/wp-content\/uploads\/2024\/02\/IMG_5255-231x173.jpg 231w, https:\/\/froiz.es\/wp-content\/uploads\/2024\/02\/IMG_5255-768x576.jpg 768w, https:\/\/froiz.es\/wp-content\/uploads\/2024\/02\/IMG_5255-1536x1152.jpg 1536w, https:\/\/froiz.es\/wp-content\/uploads\/2024\/02\/IMG_5255.jpg 2016w\" sizes=\"(max-width: 499px) 100vw, 499px\" \/><\/figure>\n\n\n\n<figure class=\"wp-block-image size-large\"><img decoding=\"async\" width=\"499\" height=\"374\" data-id=\"31018\" src=\"https:\/\/froiz.es\/wp-content\/uploads\/2024\/02\/IMG_5264-499x374.jpg\" alt=\"\" class=\"wp-image-31018\" srcset=\"https:\/\/froiz.es\/wp-content\/uploads\/2024\/02\/IMG_5264-499x374.jpg 499w, https:\/\/froiz.es\/wp-content\/uploads\/2024\/02\/IMG_5264-231x173.jpg 231w, https:\/\/froiz.es\/wp-content\/uploads\/2024\/02\/IMG_5264-768x576.jpg 768w, https:\/\/froiz.es\/wp-content\/uploads\/2024\/02\/IMG_5264-1536x1152.jpg 1536w, https:\/\/froiz.es\/wp-content\/uploads\/2024\/02\/IMG_5264.jpg 2016w\" sizes=\"(max-width: 499px) 100vw, 499px\" \/><\/figure>\n\n\n\n<figure class=\"wp-block-image size-large\"><img loading=\"lazy\" decoding=\"async\" width=\"499\" height=\"374\" data-id=\"31010\" src=\"https:\/\/froiz.es\/wp-content\/uploads\/2024\/02\/IMG_5265-499x374.jpg\" alt=\"\" class=\"wp-image-31010\" srcset=\"https:\/\/froiz.es\/wp-content\/uploads\/2024\/02\/IMG_5265-499x374.jpg 499w, https:\/\/froiz.es\/wp-content\/uploads\/2024\/02\/IMG_5265-231x173.jpg 231w, https:\/\/froiz.es\/wp-content\/uploads\/2024\/02\/IMG_5265-768x576.jpg 768w, https:\/\/froiz.es\/wp-content\/uploads\/2024\/02\/IMG_5265-1536x1152.jpg 1536w, https:\/\/froiz.es\/wp-content\/uploads\/2024\/02\/IMG_5265.jpg 2016w\" sizes=\"(max-width: 499px) 100vw, 499px\" \/><\/figure>\n\n\n\n<figure class=\"wp-block-image size-large\"><img loading=\"lazy\" decoding=\"async\" width=\"499\" height=\"374\" data-id=\"31016\" src=\"https:\/\/froiz.es\/wp-content\/uploads\/2024\/02\/IMG_5271-499x374.jpg\" alt=\"\" class=\"wp-image-31016\" srcset=\"https:\/\/froiz.es\/wp-content\/uploads\/2024\/02\/IMG_5271-499x374.jpg 499w, https:\/\/froiz.es\/wp-content\/uploads\/2024\/02\/IMG_5271-231x173.jpg 231w, https:\/\/froiz.es\/wp-content\/uploads\/2024\/02\/IMG_5271-768x576.jpg 768w, https:\/\/froiz.es\/wp-content\/uploads\/2024\/02\/IMG_5271-1536x1152.jpg 1536w, https:\/\/froiz.es\/wp-content\/uploads\/2024\/02\/IMG_5271.jpg 2016w\" sizes=\"(max-width: 499px) 100vw, 499px\" \/><\/figure>\n\n\n\n<figure class=\"wp-block-image size-large\"><img loading=\"lazy\" decoding=\"async\" width=\"499\" height=\"374\" data-id=\"31008\" src=\"https:\/\/froiz.es\/wp-content\/uploads\/2024\/02\/IMG_5279-499x374.jpg\" alt=\"\" class=\"wp-image-31008\" srcset=\"https:\/\/froiz.es\/wp-content\/uploads\/2024\/02\/IMG_5279-499x374.jpg 499w, https:\/\/froiz.es\/wp-content\/uploads\/2024\/02\/IMG_5279-231x173.jpg 231w, https:\/\/froiz.es\/wp-content\/uploads\/2024\/02\/IMG_5279-768x576.jpg 768w, https:\/\/froiz.es\/wp-content\/uploads\/2024\/02\/IMG_5279-1536x1152.jpg 1536w, https:\/\/froiz.es\/wp-content\/uploads\/2024\/02\/IMG_5279.jpg 2016w\" sizes=\"(max-width: 499px) 100vw, 499px\" \/><\/figure>\n<\/figure>\n","protected":false},"excerpt":{"rendered":"<p>O Grupo Deportivo S\u00faper Froiz presentou a nova tempada deportiva dos seus dous equipos, o de estrada e o de ciclocr\u00f3s, de ciclismo amateur formados por mozos corredores: mozos e mozas amantes deste deporte. O equipo de ciclocr\u00f3s que xa leva 4 tempadas deportivas en activo, segue dirixido por Ana Portela e conta con 5 [&hellip;]<\/p>\n","protected":false},"author":3,"featured_media":31005,"comment_status":"open","ping_status":"open","sticky":false,"template":"","format":"standard","meta":{"_acf_changed":false,"footnotes":""},"categories":[145,147],"tags":[],"class_list":["post-31023","post","type-post","status-publish","format-standard","has-post-thumbnail","hentry","category-deporte-gl","category-novidades"],"acf":[],"publishpress_future_workflow_manual_trigger":{"enabledWorkflows":[]},"_links":{"self":[{"href":"https:\/\/froiz.es\/gl\/wp-json\/wp\/v2\/posts\/31023","targetHints":{"allow":["GET"]}}],"collection":[{"href":"https:\/\/froiz.es\/gl\/wp-json\/wp\/v2\/posts"}],"about":[{"href":"https:\/\/froiz.es\/gl\/wp-json\/wp\/v2\/types\/post"}],"author":[{"embeddable":true,"href":"https:\/\/froiz.es\/gl\/wp-json\/wp\/v2\/users\/3"}],"replies":[{"embeddable":true,"href":"https:\/\/froiz.es\/gl\/wp-json\/wp\/v2\/comments?post=31023"}],"version-history":[{"count":1,"href":"https:\/\/froiz.es\/gl\/wp-json\/wp\/v2\/posts\/31023\/revisions"}],"predecessor-version":[{"id":31024,"href":"https:\/\/froiz.es\/gl\/wp-json\/wp\/v2\/posts\/31023\/revisions\/31024"}],"wp:featuredmedia":[{"embeddable":true,"href":"https:\/\/froiz.es\/gl\/wp-json\/wp\/v2\/media\/31005"}],"wp:attachment":[{"href":"https:\/\/froiz.es\/gl\/wp-json\/wp\/v2\/media?parent=31023"}],"wp:term":[{"taxonomy":"category","embeddable":true,"href":"https:\/\/froiz.es\/gl\/wp-json\/wp\/v2\/categories?post=31023"},{"taxonomy":"post_tag","embeddable":true,"href":"https:\/\/froiz.es\/gl\/wp-json\/wp\/v2\/tags?post=31023"}],"curies":[{"name":"wp","href":"https:\/\/api.w.org\/{rel}","templated":true}]}}