{"id":30363,"date":"2024-01-25T12:43:38","date_gmt":"2024-01-25T11:43:38","guid":{"rendered":"https:\/\/froiz.es\/o-conselleiro-do-mar-da-xunta-de-galicia-visita-froiz-e-pon-en-valor-o-peixe-galego\/"},"modified":"2024-01-25T17:50:42","modified_gmt":"2024-01-25T16:50:42","slug":"o-conselleiro-do-mar-da-xunta-de-galicia-visita-froiz-e-pon-en-valor-o-peixe-galego","status":"publish","type":"post","link":"https:\/\/froiz.es\/gl\/o-conselleiro-do-mar-da-xunta-de-galicia-visita-froiz-e-pon-en-valor-o-peixe-galego\/","title":{"rendered":"O conselleiro do Mar da Xunta de Galicia visita Froiz e pon en valor o peixe galego"},"content":{"rendered":"\n<p>O conselleiro do Mar, Alfonso Villares, da Xunta de Galicia visitou a peixar\u00eda do supermercado #Froiz da localidade lucense de Monterroso. Desde al\u00ed sinalou a importancia da cadea mar-industria, comezando pola actividade extractiva ata chegar ao consumidor final a trav\u00e9s da distribuci\u00f3n. O titular de Mar destacou que &#8220;grazas a estes puntos de venda despregados por todo o territorio, xunto aos negocios de proximidade, o mellor produto dos mares galegos pode chegar \u00e1s mesas de todas as casas e \u00e1s cartas dos locais de hostaler\u00eda&#8221;. <\/p>\n\n<p>En todos os establecementos Froiz ofrecemos diariamente o peixe e marisco m\u00e1is fresco procedente das principais lonxas galegas. Ademais garantimos a sustentabilidade do medio e as boas pr\u00e1cticas en pesca extractiva e acuicultura:<\/p>\n\n<div class=\"wp-block-group is-vertical is-layout-flex wp-container-core-group-is-layout-fe9cc265 wp-block-group-is-layout-flex\">\n<p>\u25cf A rastrexabilidade do produto desde a captura ata a s\u00faa venda.<\/p>\n\n\n\n<p>\u25cf Unha etiquetaxe completa cumprindo coa lexislaci\u00f3n vixente, achegando informaci\u00f3n clara e veraz.<\/p>\n\n\n\n<p>\u25cf Garantimos o cumprimento legal en relaci\u00f3n a tallas m\u00ednimas, paros biol\u00f3xicos e vedas.<\/p>\n\n\n\n<p>\u25cf Apoiamos a pesca de proximidade coa compra de peixe e marisco a confrar\u00edas de pescadores locais.<\/p>\n\n\n\n<p>\u25cf Apoiamos a mellora continua en canto a m\u00e9todos e artes de pesca.<\/p>\n<\/div>\n\n<figure class=\"wp-block-gallery has-nested-images columns-default is-cropped wp-block-gallery-1 is-layout-flex wp-block-gallery-is-layout-flex\">\n<figure class=\"wp-block-image size-large\"><img fetchpriority=\"high\" decoding=\"async\" width=\"561\" height=\"374\" data-id=\"30345\" src=\"https:\/\/froiz.es\/wp-content\/uploads\/2024\/01\/1-561x374.jpg\" alt=\"\" class=\"wp-image-30345\" srcset=\"https:\/\/froiz.es\/wp-content\/uploads\/2024\/01\/1-561x374.jpg 561w, https:\/\/froiz.es\/wp-content\/uploads\/2024\/01\/1-260x173.jpg 260w, https:\/\/froiz.es\/wp-content\/uploads\/2024\/01\/1-136x91.jpg 136w, https:\/\/froiz.es\/wp-content\/uploads\/2024\/01\/1-768x512.jpg 768w, https:\/\/froiz.es\/wp-content\/uploads\/2024\/01\/1-1536x1024.jpg 1536w, https:\/\/froiz.es\/wp-content\/uploads\/2024\/01\/1-2048x1366.jpg 2048w\" sizes=\"(max-width: 561px) 100vw, 561px\" \/><\/figure>\n\n\n\n<figure class=\"wp-block-image size-large\"><img decoding=\"async\" width=\"561\" height=\"374\" data-id=\"30347\" src=\"https:\/\/froiz.es\/wp-content\/uploads\/2024\/01\/2-561x374.jpg\" alt=\"\" class=\"wp-image-30347\" srcset=\"https:\/\/froiz.es\/wp-content\/uploads\/2024\/01\/2-561x374.jpg 561w, https:\/\/froiz.es\/wp-content\/uploads\/2024\/01\/2-260x173.jpg 260w, https:\/\/froiz.es\/wp-content\/uploads\/2024\/01\/2-136x91.jpg 136w, https:\/\/froiz.es\/wp-content\/uploads\/2024\/01\/2-768x512.jpg 768w, https:\/\/froiz.es\/wp-content\/uploads\/2024\/01\/2-1536x1024.jpg 1536w, https:\/\/froiz.es\/wp-content\/uploads\/2024\/01\/2-2048x1366.jpg 2048w\" sizes=\"(max-width: 561px) 100vw, 561px\" \/><\/figure>\n\n\n\n<figure class=\"wp-block-image size-large\"><img decoding=\"async\" width=\"561\" height=\"374\" data-id=\"30349\" src=\"https:\/\/froiz.es\/wp-content\/uploads\/2024\/01\/3-561x374.jpg\" alt=\"\" class=\"wp-image-30349\" srcset=\"https:\/\/froiz.es\/wp-content\/uploads\/2024\/01\/3-561x374.jpg 561w, https:\/\/froiz.es\/wp-content\/uploads\/2024\/01\/3-260x173.jpg 260w, https:\/\/froiz.es\/wp-content\/uploads\/2024\/01\/3-136x91.jpg 136w, https:\/\/froiz.es\/wp-content\/uploads\/2024\/01\/3-768x512.jpg 768w, https:\/\/froiz.es\/wp-content\/uploads\/2024\/01\/3-1536x1024.jpg 1536w, https:\/\/froiz.es\/wp-content\/uploads\/2024\/01\/3-2048x1366.jpg 2048w\" sizes=\"(max-width: 561px) 100vw, 561px\" \/><\/figure>\n<\/figure>\n","protected":false},"excerpt":{"rendered":"<p>O conselleiro do Mar, Alfonso Villares, da Xunta de Galicia visitou a peixar\u00eda do supermercado #Froiz da localidade lucense de Monterroso. Desde al\u00ed sinalou a importancia da cadea mar-industria, comezando pola actividade extractiva ata chegar ao consumidor final a trav\u00e9s da distribuci\u00f3n. O titular de Mar destacou que &#8220;grazas a estes puntos de venda despregados [&hellip;]<\/p>\n","protected":false},"author":3,"featured_media":30344,"comment_status":"open","ping_status":"open","sticky":false,"template":"","format":"standard","meta":{"_acf_changed":false,"footnotes":""},"categories":[147,1],"tags":[],"class_list":["post-30363","post","type-post","status-publish","format-standard","has-post-thumbnail","hentry","category-novidades","category-sin-categorizar-gl"],"acf":[],"publishpress_future_workflow_manual_trigger":{"enabledWorkflows":[]},"_links":{"self":[{"href":"https:\/\/froiz.es\/gl\/wp-json\/wp\/v2\/posts\/30363","targetHints":{"allow":["GET"]}}],"collection":[{"href":"https:\/\/froiz.es\/gl\/wp-json\/wp\/v2\/posts"}],"about":[{"href":"https:\/\/froiz.es\/gl\/wp-json\/wp\/v2\/types\/post"}],"author":[{"embeddable":true,"href":"https:\/\/froiz.es\/gl\/wp-json\/wp\/v2\/users\/3"}],"replies":[{"embeddable":true,"href":"https:\/\/froiz.es\/gl\/wp-json\/wp\/v2\/comments?post=30363"}],"version-history":[{"count":1,"href":"https:\/\/froiz.es\/gl\/wp-json\/wp\/v2\/posts\/30363\/revisions"}],"predecessor-version":[{"id":30364,"href":"https:\/\/froiz.es\/gl\/wp-json\/wp\/v2\/posts\/30363\/revisions\/30364"}],"wp:featuredmedia":[{"embeddable":true,"href":"https:\/\/froiz.es\/gl\/wp-json\/wp\/v2\/media\/30344"}],"wp:attachment":[{"href":"https:\/\/froiz.es\/gl\/wp-json\/wp\/v2\/media?parent=30363"}],"wp:term":[{"taxonomy":"category","embeddable":true,"href":"https:\/\/froiz.es\/gl\/wp-json\/wp\/v2\/categories?post=30363"},{"taxonomy":"post_tag","embeddable":true,"href":"https:\/\/froiz.es\/gl\/wp-json\/wp\/v2\/tags?post=30363"}],"curies":[{"name":"wp","href":"https:\/\/api.w.org\/{rel}","templated":true}]}}