{"id":29339,"date":"2023-11-07T12:20:00","date_gmt":"2023-11-07T11:20:00","guid":{"rendered":"https:\/\/froiz.es\/gala-asedas-2023-o-sector-homenaxea-aos-clientes-pola-sua-confianza-e-fidelidade\/"},"modified":"2023-11-16T09:09:06","modified_gmt":"2023-11-16T08:09:06","slug":"gala-asedas-2023-o-sector-homenaxea-aos-clientes-pola-sua-confianza-e-fidelidade","status":"publish","type":"post","link":"https:\/\/froiz.es\/gl\/gala-asedas-2023-o-sector-homenaxea-aos-clientes-pola-sua-confianza-e-fidelidade\/","title":{"rendered":"Gala ASEDAS 2023, o sector homenaxea aos clientes pola s\u00faa confianza e fidelidade"},"content":{"rendered":"\n<p>ASEDAS, a Asociaci\u00f3n Espa\u00f1ola de Distribuidores, Autoservizos e Supermercados, organizou a s\u00faa gala anual dedicada, neste 2023, a todos os clientes dos supermercados de Espa\u00f1a. Baixo o t\u00edtulo <a href=\"https:\/\/www.linkedin.com\/feed\/hashtag\/?keywords=estamosporqueest%C3%A1s&amp;highlightedUpdateUrns=urn%3Ali%3Aactivity%3A7130501999619391490\" target=\"_blank\" rel=\"noopener\">#EstamosPorqueEst\u00e1s<\/a> no evento -celebrado en Madrid- rendeuse homenaxe a todos os consumidores da distribuci\u00f3n retallista e almacenista para agradecerlles a s\u00faa confianza a\u00ednda nos momentos dif\u00edciles que se viviron nos \u00faltimos anos, definidos por unha pandemia, por varios desastres clim\u00e1ticos e naturais e pola maior crise inflacionista en d\u00e9cadas.<br\/><br\/>Os clientes que conf\u00edan en Froiz para realizar as s\u00faas compras diarias estiveron representados por Mar\u00eda Eugenia, unha clienta que vive entre Madrid e a localidade pontevedresa de Nigr\u00e1n. Ela \u00e9 clienta habitual de dous supermercados Froiz destas localidades, un do \u00e1mbito urbano e outro semi rural e destino tur\u00edstico.<br\/><br\/>Quince clientes de todas as empresas asociadas de <a href=\"https:\/\/www.asedas.org\/\" target=\"_blank\" rel=\"noopener\">ASEDAS<\/a> recibiron o reco\u00f1ecemento en representaci\u00f3n de dez grupos de consumidores significativos: os que viven en zonas rurais, en \u00e1reas urbanas, representantes de familias, de maiores, de persoas con intolerancias alimentarias, quen utiliza a restauraci\u00f3n colectiva, os que compran en li\u00f1a, os que te\u00f1en capacidades diferentes, os turistas e os que est\u00e1n m\u00e1is comprometidos co medioambiente.<br\/><br\/>Pensando en todos eles, empresas como Froiz traballamos cada d\u00eda para ofrecer aos nosos clientes unha alimentaci\u00f3n completa, variada, segura, de calidade e a prezos competitivos. <\/p>\n\n<figure class=\"wp-block-gallery has-nested-images columns-default is-cropped wp-block-gallery-1 is-layout-flex wp-block-gallery-is-layout-flex\">\n<figure class=\"wp-block-image size-large\"><img fetchpriority=\"high\" decoding=\"async\" width=\"561\" height=\"374\" data-id=\"29315\" src=\"https:\/\/froiz.es\/wp-content\/uploads\/2023\/11\/2-561x374.jpg\" alt=\"\" class=\"wp-image-29315\" srcset=\"https:\/\/froiz.es\/wp-content\/uploads\/2023\/11\/2-561x374.jpg 561w, https:\/\/froiz.es\/wp-content\/uploads\/2023\/11\/2-260x173.jpg 260w, https:\/\/froiz.es\/wp-content\/uploads\/2023\/11\/2-136x91.jpg 136w, https:\/\/froiz.es\/wp-content\/uploads\/2023\/11\/2-768x512.jpg 768w, https:\/\/froiz.es\/wp-content\/uploads\/2023\/11\/2-1536x1024.jpg 1536w, https:\/\/froiz.es\/wp-content\/uploads\/2023\/11\/2-2048x1366.jpg 2048w\" sizes=\"(max-width: 561px) 100vw, 561px\" \/><\/figure>\n\n\n\n<figure class=\"wp-block-image size-large\"><img decoding=\"async\" width=\"561\" height=\"374\" data-id=\"29321\" src=\"https:\/\/froiz.es\/wp-content\/uploads\/2023\/11\/3-561x374.jpg\" alt=\"\" class=\"wp-image-29321\" srcset=\"https:\/\/froiz.es\/wp-content\/uploads\/2023\/11\/3-561x374.jpg 561w, https:\/\/froiz.es\/wp-content\/uploads\/2023\/11\/3-260x173.jpg 260w, https:\/\/froiz.es\/wp-content\/uploads\/2023\/11\/3-136x91.jpg 136w, https:\/\/froiz.es\/wp-content\/uploads\/2023\/11\/3-768x512.jpg 768w, https:\/\/froiz.es\/wp-content\/uploads\/2023\/11\/3-1536x1024.jpg 1536w, https:\/\/froiz.es\/wp-content\/uploads\/2023\/11\/3-2048x1366.jpg 2048w\" sizes=\"(max-width: 561px) 100vw, 561px\" \/><\/figure>\n\n\n\n<figure class=\"wp-block-image size-large\"><img decoding=\"async\" width=\"561\" height=\"374\" data-id=\"29319\" src=\"https:\/\/froiz.es\/wp-content\/uploads\/2023\/11\/4-561x374.jpg\" alt=\"\" class=\"wp-image-29319\" srcset=\"https:\/\/froiz.es\/wp-content\/uploads\/2023\/11\/4-561x374.jpg 561w, https:\/\/froiz.es\/wp-content\/uploads\/2023\/11\/4-260x173.jpg 260w, https:\/\/froiz.es\/wp-content\/uploads\/2023\/11\/4-136x91.jpg 136w, https:\/\/froiz.es\/wp-content\/uploads\/2023\/11\/4-768x512.jpg 768w, https:\/\/froiz.es\/wp-content\/uploads\/2023\/11\/4-1536x1024.jpg 1536w, https:\/\/froiz.es\/wp-content\/uploads\/2023\/11\/4-2048x1366.jpg 2048w\" sizes=\"(max-width: 561px) 100vw, 561px\" \/><\/figure>\n<\/figure>\n\n<figure class=\"wp-block-image size-large\"><img loading=\"lazy\" decoding=\"async\" width=\"770\" height=\"334\" src=\"https:\/\/froiz.es\/wp-content\/uploads\/2023\/11\/Foto-familia-1-770x334.jpg\" alt=\"\" class=\"wp-image-29335\" srcset=\"https:\/\/froiz.es\/wp-content\/uploads\/2023\/11\/Foto-familia-1-770x334.jpg 770w, https:\/\/froiz.es\/wp-content\/uploads\/2023\/11\/Foto-familia-1-260x113.jpg 260w, https:\/\/froiz.es\/wp-content\/uploads\/2023\/11\/Foto-familia-1-768x333.jpg 768w, https:\/\/froiz.es\/wp-content\/uploads\/2023\/11\/Foto-familia-1-1536x667.jpg 1536w, https:\/\/froiz.es\/wp-content\/uploads\/2023\/11\/Foto-familia-1-2048x889.jpg 2048w\" sizes=\"(max-width: 770px) 100vw, 770px\" \/><\/figure>\n","protected":false},"excerpt":{"rendered":"<p>ASEDAS, a Asociaci\u00f3n Espa\u00f1ola de Distribuidores, Autoservizos e Supermercados, organizou a s\u00faa gala anual dedicada, neste 2023, a todos os clientes dos supermercados de Espa\u00f1a. Baixo o t\u00edtulo #EstamosPorqueEst\u00e1s no evento -celebrado en Madrid- rendeuse homenaxe a todos os consumidores da distribuci\u00f3n retallista e almacenista para agradecerlles a s\u00faa confianza a\u00ednda nos momentos dif\u00edciles que [&hellip;]<\/p>\n","protected":false},"author":3,"featured_media":29314,"comment_status":"open","ping_status":"open","sticky":false,"template":"","format":"standard","meta":{"_acf_changed":false,"footnotes":""},"categories":[147],"tags":[],"class_list":["post-29339","post","type-post","status-publish","format-standard","has-post-thumbnail","hentry","category-novidades"],"acf":[],"publishpress_future_workflow_manual_trigger":{"enabledWorkflows":[]},"_links":{"self":[{"href":"https:\/\/froiz.es\/gl\/wp-json\/wp\/v2\/posts\/29339","targetHints":{"allow":["GET"]}}],"collection":[{"href":"https:\/\/froiz.es\/gl\/wp-json\/wp\/v2\/posts"}],"about":[{"href":"https:\/\/froiz.es\/gl\/wp-json\/wp\/v2\/types\/post"}],"author":[{"embeddable":true,"href":"https:\/\/froiz.es\/gl\/wp-json\/wp\/v2\/users\/3"}],"replies":[{"embeddable":true,"href":"https:\/\/froiz.es\/gl\/wp-json\/wp\/v2\/comments?post=29339"}],"version-history":[{"count":1,"href":"https:\/\/froiz.es\/gl\/wp-json\/wp\/v2\/posts\/29339\/revisions"}],"predecessor-version":[{"id":29341,"href":"https:\/\/froiz.es\/gl\/wp-json\/wp\/v2\/posts\/29339\/revisions\/29341"}],"wp:featuredmedia":[{"embeddable":true,"href":"https:\/\/froiz.es\/gl\/wp-json\/wp\/v2\/media\/29314"}],"wp:attachment":[{"href":"https:\/\/froiz.es\/gl\/wp-json\/wp\/v2\/media?parent=29339"}],"wp:term":[{"taxonomy":"category","embeddable":true,"href":"https:\/\/froiz.es\/gl\/wp-json\/wp\/v2\/categories?post=29339"},{"taxonomy":"post_tag","embeddable":true,"href":"https:\/\/froiz.es\/gl\/wp-json\/wp\/v2\/tags?post=29339"}],"curies":[{"name":"wp","href":"https:\/\/api.w.org\/{rel}","templated":true}]}}