{"id":29286,"date":"2023-11-10T14:08:51","date_gmt":"2023-11-10T13:08:51","guid":{"rendered":"https:\/\/froiz.es\/froiz-no-programa-de-tve-da-xornalista-ana-blanco-todo-cambia\/"},"modified":"2023-11-13T13:51:56","modified_gmt":"2023-11-13T12:51:56","slug":"froiz-no-programa-de-tve-da-xornalista-ana-blanco-todo-cambia","status":"publish","type":"post","link":"https:\/\/froiz.es\/gl\/froiz-no-programa-de-tve-da-xornalista-ana-blanco-todo-cambia\/","title":{"rendered":"Froiz no programa de TVE da xornalista Ana Blanco &#8220;Todo cambia&#8221;"},"content":{"rendered":"\n<p>Un dos supermercados Froiz da cidade de Madrid, o situado na r\u00faa Guzm\u00e1n O Bueno, serviu de estudio de televisi\u00f3n para o novo programa de RTVE &#8220;Todo cambia&#8221; presentado pola veterana xornalista Ana Blanco. O programa trata sobre a evoluci\u00f3n dos h\u00e1bitos de alimentaci\u00f3n da sociedade espa\u00f1ola ao longo destas \u00faltimas d\u00e9cadas e, por conseguinte, como cambiou tam\u00e9n o supermercado e a oferta comercial que ofrecemos aos nosos clientes.<\/p>\n\n<p>A xornalista de televisi\u00f3n espa\u00f1ola percorre os diferentes corredores e as secci\u00f3ns de frescos deste supermercado Froiz de Madrid acompa\u00f1ada de Aitor S\u00e1nchez, experto nutricionista, e describen como debe ser unha cesta da compra saudable, equilibrada e a bo prezo. <\/p>\n\n<p>Esta serie documental da xornalista Ana Blanco est\u00e1 formada por oito cap\u00edtulos onde se analiza como cambiaron ao longo do tempo asuntos como as relaci\u00f3ns persoais, a fama, a sa\u00fade mental, o turismo, a alimentaci\u00f3n, a educaci\u00f3n, a forma en que envellecemos ou a maneira en que nos informamos. Actualmente est\u00e1 en emisi\u00f3n e p\u00f3dese consultar en <a href=\"https:\/\/play.rtve.es\/v\/7005747\" data-type=\"link\" data-id=\"https:\/\/play.rtve.es\/v\/7005747\" target=\"_blank\" rel=\"noopener\">RTVE play.<\/a> <\/p>\n\n<figure class=\"wp-block-gallery has-nested-images columns-default is-cropped wp-block-gallery-1 is-layout-flex wp-block-gallery-is-layout-flex\">\n<figure class=\"wp-block-image size-large\"><img fetchpriority=\"high\" decoding=\"async\" width=\"561\" height=\"374\" data-id=\"29249\" src=\"https:\/\/froiz.es\/wp-content\/uploads\/2023\/11\/programa-02-561x374.jpg\" alt=\"\" class=\"wp-image-29249\" srcset=\"https:\/\/froiz.es\/wp-content\/uploads\/2023\/11\/programa-02-561x374.jpg 561w, https:\/\/froiz.es\/wp-content\/uploads\/2023\/11\/programa-02-260x173.jpg 260w, https:\/\/froiz.es\/wp-content\/uploads\/2023\/11\/programa-02-136x91.jpg 136w, https:\/\/froiz.es\/wp-content\/uploads\/2023\/11\/programa-02-768x512.jpg 768w, https:\/\/froiz.es\/wp-content\/uploads\/2023\/11\/programa-02.jpg 1500w\" sizes=\"(max-width: 561px) 100vw, 561px\" \/><\/figure>\n\n\n\n<figure class=\"wp-block-image size-large\"><img decoding=\"async\" width=\"561\" height=\"374\" data-id=\"29247\" src=\"https:\/\/froiz.es\/wp-content\/uploads\/2023\/11\/programa-03-561x374.jpg\" alt=\"\" class=\"wp-image-29247\" srcset=\"https:\/\/froiz.es\/wp-content\/uploads\/2023\/11\/programa-03-561x374.jpg 561w, https:\/\/froiz.es\/wp-content\/uploads\/2023\/11\/programa-03-260x173.jpg 260w, https:\/\/froiz.es\/wp-content\/uploads\/2023\/11\/programa-03-136x91.jpg 136w, https:\/\/froiz.es\/wp-content\/uploads\/2023\/11\/programa-03-768x512.jpg 768w, https:\/\/froiz.es\/wp-content\/uploads\/2023\/11\/programa-03.jpg 1500w\" sizes=\"(max-width: 561px) 100vw, 561px\" \/><\/figure>\n\n\n\n<figure class=\"wp-block-image size-large\"><img decoding=\"async\" width=\"561\" height=\"374\" data-id=\"29251\" src=\"https:\/\/froiz.es\/wp-content\/uploads\/2023\/11\/programa-04-561x374.jpg\" alt=\"\" class=\"wp-image-29251\" srcset=\"https:\/\/froiz.es\/wp-content\/uploads\/2023\/11\/programa-04-561x374.jpg 561w, https:\/\/froiz.es\/wp-content\/uploads\/2023\/11\/programa-04-260x173.jpg 260w, https:\/\/froiz.es\/wp-content\/uploads\/2023\/11\/programa-04-136x91.jpg 136w, https:\/\/froiz.es\/wp-content\/uploads\/2023\/11\/programa-04-768x512.jpg 768w, https:\/\/froiz.es\/wp-content\/uploads\/2023\/11\/programa-04.jpg 1500w\" sizes=\"(max-width: 561px) 100vw, 561px\" \/><\/figure>\n<\/figure>\n\n<figure class=\"wp-block-gallery has-nested-images columns-default is-cropped wp-block-gallery-2 is-layout-flex wp-block-gallery-is-layout-flex\">\n<figure class=\"wp-block-image size-large\"><img loading=\"lazy\" decoding=\"async\" width=\"561\" height=\"374\" data-id=\"29263\" src=\"https:\/\/froiz.es\/wp-content\/uploads\/2023\/11\/programa-05-2-561x374.jpg\" alt=\"\" class=\"wp-image-29263\" srcset=\"https:\/\/froiz.es\/wp-content\/uploads\/2023\/11\/programa-05-2-561x374.jpg 561w, https:\/\/froiz.es\/wp-content\/uploads\/2023\/11\/programa-05-2-260x173.jpg 260w, https:\/\/froiz.es\/wp-content\/uploads\/2023\/11\/programa-05-2-136x91.jpg 136w, https:\/\/froiz.es\/wp-content\/uploads\/2023\/11\/programa-05-2-768x512.jpg 768w, https:\/\/froiz.es\/wp-content\/uploads\/2023\/11\/programa-05-2.jpg 1500w\" sizes=\"(max-width: 561px) 100vw, 561px\" \/><\/figure>\n\n\n\n<figure class=\"wp-block-image size-large\"><img loading=\"lazy\" decoding=\"async\" width=\"499\" height=\"374\" data-id=\"29265\" src=\"https:\/\/froiz.es\/wp-content\/uploads\/2023\/11\/programa-06-2-499x374.jpg\" alt=\"\" class=\"wp-image-29265\" srcset=\"https:\/\/froiz.es\/wp-content\/uploads\/2023\/11\/programa-06-2-499x374.jpg 499w, https:\/\/froiz.es\/wp-content\/uploads\/2023\/11\/programa-06-2-231x173.jpg 231w, https:\/\/froiz.es\/wp-content\/uploads\/2023\/11\/programa-06-2-768x576.jpg 768w, https:\/\/froiz.es\/wp-content\/uploads\/2023\/11\/programa-06-2-1536x1152.jpg 1536w, https:\/\/froiz.es\/wp-content\/uploads\/2023\/11\/programa-06-2-2048x1536.jpg 2048w\" sizes=\"(max-width: 499px) 100vw, 499px\" \/><\/figure>\n<\/figure>\n\n<figure class=\"wp-block-embed is-type-video is-provider-youtube wp-block-embed-youtube wp-embed-aspect-16-9 wp-has-aspect-ratio\"><div class=\"wp-block-embed__wrapper\">\n<iframe title=\"Programa TVE &quot;Todo cambia&quot; de la periodista Ana Blanco\" width=\"800\" height=\"450\" src=\"https:\/\/www.youtube.com\/embed\/nbE342AsPTU?feature=oembed\" frameborder=\"0\" allow=\"accelerometer; autoplay; clipboard-write; encrypted-media; gyroscope; picture-in-picture; web-share\" allowfullscreen><\/iframe>\n<\/div><\/figure>\n","protected":false},"excerpt":{"rendered":"<p>Un dos supermercados Froiz da cidade de Madrid, o situado na r\u00faa Guzm\u00e1n O Bueno, serviu de estudio de televisi\u00f3n para o novo programa de RTVE &#8220;Todo cambia&#8221; presentado pola veterana xornalista Ana Blanco. O programa trata sobre a evoluci\u00f3n dos h\u00e1bitos de alimentaci\u00f3n da sociedade espa\u00f1ola ao longo destas \u00faltimas d\u00e9cadas e, por conseguinte, [&hellip;]<\/p>\n","protected":false},"author":3,"featured_media":29245,"comment_status":"open","ping_status":"open","sticky":false,"template":"","format":"standard","meta":{"_acf_changed":false,"footnotes":""},"categories":[147],"tags":[],"class_list":["post-29286","post","type-post","status-publish","format-standard","has-post-thumbnail","hentry","category-novidades"],"acf":[],"publishpress_future_workflow_manual_trigger":{"enabledWorkflows":[]},"_links":{"self":[{"href":"https:\/\/froiz.es\/gl\/wp-json\/wp\/v2\/posts\/29286","targetHints":{"allow":["GET"]}}],"collection":[{"href":"https:\/\/froiz.es\/gl\/wp-json\/wp\/v2\/posts"}],"about":[{"href":"https:\/\/froiz.es\/gl\/wp-json\/wp\/v2\/types\/post"}],"author":[{"embeddable":true,"href":"https:\/\/froiz.es\/gl\/wp-json\/wp\/v2\/users\/3"}],"replies":[{"embeddable":true,"href":"https:\/\/froiz.es\/gl\/wp-json\/wp\/v2\/comments?post=29286"}],"version-history":[{"count":1,"href":"https:\/\/froiz.es\/gl\/wp-json\/wp\/v2\/posts\/29286\/revisions"}],"predecessor-version":[{"id":29287,"href":"https:\/\/froiz.es\/gl\/wp-json\/wp\/v2\/posts\/29286\/revisions\/29287"}],"wp:featuredmedia":[{"embeddable":true,"href":"https:\/\/froiz.es\/gl\/wp-json\/wp\/v2\/media\/29245"}],"wp:attachment":[{"href":"https:\/\/froiz.es\/gl\/wp-json\/wp\/v2\/media?parent=29286"}],"wp:term":[{"taxonomy":"category","embeddable":true,"href":"https:\/\/froiz.es\/gl\/wp-json\/wp\/v2\/categories?post=29286"},{"taxonomy":"post_tag","embeddable":true,"href":"https:\/\/froiz.es\/gl\/wp-json\/wp\/v2\/tags?post=29286"}],"curies":[{"name":"wp","href":"https:\/\/api.w.org\/{rel}","templated":true}]}}