{"id":28874,"date":"2023-10-18T14:12:07","date_gmt":"2023-10-18T12:12:07","guid":{"rendered":"https:\/\/froiz.es\/alumnos-da-fp-dual-de-galicia-contan-como-e-a-sua-experiencia-en-froiz\/"},"modified":"2023-10-18T16:41:01","modified_gmt":"2023-10-18T14:41:01","slug":"alumnos-da-fp-dual-de-galicia-contan-como-e-a-sua-experiencia-en-froiz","status":"publish","type":"post","link":"https:\/\/froiz.es\/gl\/alumnos-da-fp-dual-de-galicia-contan-como-e-a-sua-experiencia-en-froiz\/","title":{"rendered":"Alumnos da FP Dual de Galicia contan como \u00e9 a s\u00faa experiencia en Froiz"},"content":{"rendered":"\n<p>O compromiso da empresa Froiz coa formaci\u00f3n e o emprego de calidade dos profesionais da alimentaci\u00f3n material\u00edzase na colaboraci\u00f3n coa Formaci\u00f3n Profesional Dual de Galicia no grao de Comercializaci\u00f3n de produtos alimentarios. Grazas a este grao formativo, os alumnos ademais de recibir clases te\u00f3ricas poden realizar per\u00edodos de pr\u00e1cticas reais e remuneradas en distintos establecementos Froiz.<\/p>\n\n<p><br\/>Present\u00e1mosvos a Diana, Alejandro e Alba, estudantes deste ciclo que nos contan como \u00e9 o traballo diario nun supermercado Froiz e como \u00e9 o oficio nas secci\u00f3ns de frescos: carnicer\u00eda, charcuter\u00eda, peixar\u00eda, fruter\u00eda, e panader\u00eda; ademais, de caixa e reposici\u00f3n. Son os profesionais Froiz, titulares destas secci\u00f3ns, os que dedican parte da s\u00faa xornada laboral a formar a estes novos alumnos. Aprenden a parte te\u00f3rica e pr\u00e1ctica en contidos como rastrexabilidade, cadea de fr\u00edo, seguridade alimentaria, manipulaci\u00f3n de alimentos, datas de caducidade e reposici\u00f3n, cortes e fileteados, xesti\u00f3n do punto de venda, servizo e atenci\u00f3n ao cliente.<\/p>\n\n<p><br\/>O obxectivo \u00e9 que os alumnos aprendan e co\u00f1ezan directamente o sector no que van traballar. Un novo ciclo formativo no mercado laboral que v\u00e9n dar formaci\u00f3n espec\u00edfica a estes futuros profesionais da alimentaci\u00f3n.<\/p>\n\n<figure class=\"wp-block-embed aligncenter is-type-video is-provider-youtube wp-block-embed-youtube wp-embed-aspect-16-9 wp-has-aspect-ratio\"><div class=\"wp-block-embed__wrapper\">\n<iframe title=\"FP Dual FROIZ\" width=\"800\" height=\"450\" src=\"https:\/\/www.youtube.com\/embed\/i8IqLmfKHCo?feature=oembed\" frameborder=\"0\" allow=\"accelerometer; autoplay; clipboard-write; encrypted-media; gyroscope; picture-in-picture; web-share\" allowfullscreen><\/iframe>\n<\/div><\/figure>\n","protected":false},"excerpt":{"rendered":"<p>O compromiso da empresa Froiz coa formaci\u00f3n e o emprego de calidade dos profesionais da alimentaci\u00f3n material\u00edzase na colaboraci\u00f3n coa Formaci\u00f3n Profesional Dual de Galicia no grao de Comercializaci\u00f3n de produtos alimentarios. Grazas a este grao formativo, os alumnos ademais de recibir clases te\u00f3ricas poden realizar per\u00edodos de pr\u00e1cticas reais e remuneradas en distintos establecementos [&hellip;]<\/p>\n","protected":false},"author":3,"featured_media":28847,"comment_status":"open","ping_status":"open","sticky":false,"template":"","format":"standard","meta":{"_acf_changed":false,"footnotes":""},"categories":[147,1],"tags":[],"class_list":["post-28874","post","type-post","status-publish","format-standard","has-post-thumbnail","hentry","category-novidades","category-sin-categorizar-gl"],"acf":[],"publishpress_future_workflow_manual_trigger":{"enabledWorkflows":[]},"_links":{"self":[{"href":"https:\/\/froiz.es\/gl\/wp-json\/wp\/v2\/posts\/28874","targetHints":{"allow":["GET"]}}],"collection":[{"href":"https:\/\/froiz.es\/gl\/wp-json\/wp\/v2\/posts"}],"about":[{"href":"https:\/\/froiz.es\/gl\/wp-json\/wp\/v2\/types\/post"}],"author":[{"embeddable":true,"href":"https:\/\/froiz.es\/gl\/wp-json\/wp\/v2\/users\/3"}],"replies":[{"embeddable":true,"href":"https:\/\/froiz.es\/gl\/wp-json\/wp\/v2\/comments?post=28874"}],"version-history":[{"count":1,"href":"https:\/\/froiz.es\/gl\/wp-json\/wp\/v2\/posts\/28874\/revisions"}],"predecessor-version":[{"id":28876,"href":"https:\/\/froiz.es\/gl\/wp-json\/wp\/v2\/posts\/28874\/revisions\/28876"}],"wp:featuredmedia":[{"embeddable":true,"href":"https:\/\/froiz.es\/gl\/wp-json\/wp\/v2\/media\/28847"}],"wp:attachment":[{"href":"https:\/\/froiz.es\/gl\/wp-json\/wp\/v2\/media?parent=28874"}],"wp:term":[{"taxonomy":"category","embeddable":true,"href":"https:\/\/froiz.es\/gl\/wp-json\/wp\/v2\/categories?post=28874"},{"taxonomy":"post_tag","embeddable":true,"href":"https:\/\/froiz.es\/gl\/wp-json\/wp\/v2\/tags?post=28874"}],"curies":[{"name":"wp","href":"https:\/\/api.w.org\/{rel}","templated":true}]}}