{"id":28821,"date":"2023-10-16T16:42:03","date_gmt":"2023-10-16T14:42:03","guid":{"rendered":"https:\/\/froiz.es\/dia-mundial-da-alimentacion-16-de-outubro-en-froiz\/"},"modified":"2023-10-16T17:02:25","modified_gmt":"2023-10-16T15:02:25","slug":"dia-mundial-da-alimentacion-16-de-outubro-en-froiz","status":"publish","type":"post","link":"https:\/\/froiz.es\/gl\/dia-mundial-da-alimentacion-16-de-outubro-en-froiz\/","title":{"rendered":"D\u00eda mundial da alimentaci\u00f3n, 16 de outubro, en Froiz"},"content":{"rendered":"\n<p>No D\u00eda mundial da alimentaci\u00f3n, declarado pola Organizaci\u00f3n das Naci\u00f3ns Unidas para a Agricultura e a Alimentaci\u00f3n (FAO) o 16 de outubro, queremos desde Froiz po\u00f1er en valor o labor que realizamos as cadeas de distribuci\u00f3n para adaptar a nosa oferta comercial \u00e1s novas demandas do cliente actual e a unha contorna cada vez m\u00e1is complexo e cambiante.<\/p>\n\n<p>\u2705Estamos comprometidos cos produtos frescos locais, de proximidade e producidos a nivel rexional.<br\/>\u2705Seleccionamos provedores das zonas xeogr\u00e1ficas onde estamos presentes, o que contrib\u00fae ao crecemento econ\u00f3mico da nosa contorna. <br\/>\u2705Garantimos as boas pr\u00e1cticas produtivas e extractivas, m\u00e1is respectuosas co medio ambiente, que reduzan o efecto invernadoiro e optimicen o uso de enerx\u00eda e auga. <br\/>\u2705Buscamos a reduci\u00f3n do desperdicio alimentario.<br\/>\u2705Optimizamos na nosa oferta comercial a relaci\u00f3n calidade-prezo.<br\/>\u2705Ofrecemos produtos frescos, marcas l\u00edderes e marca Froiz. <br\/>\u2705Unha rede comercial formada maioritariamente por centros de proximidade: supermercados. <\/p>\n\n<figure class=\"wp-block-embed aligncenter is-type-video is-provider-youtube wp-block-embed-youtube wp-embed-aspect-16-9 wp-has-aspect-ratio\"><div class=\"wp-block-embed__wrapper\">\n<iframe title=\"Somos especialistas en frescos: calidad a los mejores precios.\" width=\"800\" height=\"450\" src=\"https:\/\/www.youtube.com\/embed\/VIT41K5U1Ig?feature=oembed\" frameborder=\"0\" allow=\"accelerometer; autoplay; clipboard-write; encrypted-media; gyroscope; picture-in-picture; web-share\" allowfullscreen><\/iframe>\n<\/div><\/figure>\n\n<pre class=\"wp-block-code\"><code><\/code><\/pre>\n\n<pre class=\"wp-block-code\"><code><\/code><\/pre>\n","protected":false},"excerpt":{"rendered":"<p>No D\u00eda mundial da alimentaci\u00f3n, declarado pola Organizaci\u00f3n das Naci\u00f3ns Unidas para a Agricultura e a Alimentaci\u00f3n (FAO) o 16 de outubro, queremos desde Froiz po\u00f1er en valor o labor que realizamos as cadeas de distribuci\u00f3n para adaptar a nosa oferta comercial \u00e1s novas demandas do cliente actual e a unha contorna cada vez m\u00e1is [&hellip;]<\/p>\n","protected":false},"author":3,"featured_media":28812,"comment_status":"open","ping_status":"open","sticky":false,"template":"","format":"standard","meta":{"_acf_changed":false,"footnotes":""},"categories":[147,141],"tags":[],"class_list":["post-28821","post","type-post","status-publish","format-standard","has-post-thumbnail","hentry","category-novidades","category-sostenibilidade"],"acf":[],"publishpress_future_workflow_manual_trigger":{"enabledWorkflows":[]},"_links":{"self":[{"href":"https:\/\/froiz.es\/gl\/wp-json\/wp\/v2\/posts\/28821","targetHints":{"allow":["GET"]}}],"collection":[{"href":"https:\/\/froiz.es\/gl\/wp-json\/wp\/v2\/posts"}],"about":[{"href":"https:\/\/froiz.es\/gl\/wp-json\/wp\/v2\/types\/post"}],"author":[{"embeddable":true,"href":"https:\/\/froiz.es\/gl\/wp-json\/wp\/v2\/users\/3"}],"replies":[{"embeddable":true,"href":"https:\/\/froiz.es\/gl\/wp-json\/wp\/v2\/comments?post=28821"}],"version-history":[{"count":2,"href":"https:\/\/froiz.es\/gl\/wp-json\/wp\/v2\/posts\/28821\/revisions"}],"predecessor-version":[{"id":28823,"href":"https:\/\/froiz.es\/gl\/wp-json\/wp\/v2\/posts\/28821\/revisions\/28823"}],"wp:featuredmedia":[{"embeddable":true,"href":"https:\/\/froiz.es\/gl\/wp-json\/wp\/v2\/media\/28812"}],"wp:attachment":[{"href":"https:\/\/froiz.es\/gl\/wp-json\/wp\/v2\/media?parent=28821"}],"wp:term":[{"taxonomy":"category","embeddable":true,"href":"https:\/\/froiz.es\/gl\/wp-json\/wp\/v2\/categories?post=28821"},{"taxonomy":"post_tag","embeddable":true,"href":"https:\/\/froiz.es\/gl\/wp-json\/wp\/v2\/tags?post=28821"}],"curies":[{"name":"wp","href":"https:\/\/api.w.org\/{rel}","templated":true}]}}