{"id":27502,"date":"2023-03-24T10:10:29","date_gmt":"2023-03-24T09:10:29","guid":{"rendered":"https:\/\/pre.froiz.com\/reformado-el-supermercado-froiz-de-tordesillas-valladolid\/"},"modified":"2023-06-21T14:28:57","modified_gmt":"2023-06-21T12:28:57","slug":"reformado-el-supermercado-froiz-de-tordesillas-valladolid","status":"publish","type":"post","link":"https:\/\/froiz.es\/gl\/reformado-el-supermercado-froiz-de-tordesillas-valladolid\/","title":{"rendered":"Reformado o supermercado #Froiz de Tordesillas (Valladolid)"},"content":{"rendered":"<p style=\"text-align: justify;\">O supermercado #Froiz, situado na localidade de Tordesillas (Valladolid), reformouse e agora conta cunhas instalaci\u00f3ns m\u00e1is modernas. Mantiv\u00e9ronse todas as secci\u00f3ns de frescos de venda asistida: charcuter\u00eda, carnicer\u00eda, peixar\u00eda, fruter\u00eda e panader\u00eda, que conviven cos espazos dedicados a adega, droguer\u00eda e alimentaci\u00f3n xeral; as\u00ed como os lineais de conxelados e produtos refrixerados.<\/p>\n<p style=\"text-align: justify;\">Ofrece a calidade #Froiz de sempre e variedade aos mellores prezos.<\/p>\n<p style=\"text-align: justify;\">O seu horario comercial \u00e9 continuo de luns a s\u00e1bado. <strong>Nel traballan 17 profesionais da alimentaci\u00f3n.<\/strong><\/p>\n<div dir=\"auto\"><span class=\"pq6dq46d tbxw36s4 knj5qynh kvgmc6g5 ditlmg2l oygrvhab nvdbi5me sf5mxxl7 gl3lb2sf hhz5lgdu\"><img decoding=\"async\" src=\"https:\/\/static.xx.fbcdn.net\/images\/emoji.php\/v9\/td2\/2\/16\/2714.png\" alt=\"\u2714\ufe0f\" width=\"16\" height=\"16\"><\/span> Horario continuo de 9:00 a 21:30h.<\/div>\n<div dir=\"auto\"><span class=\"pq6dq46d tbxw36s4 knj5qynh kvgmc6g5 ditlmg2l oygrvhab nvdbi5me sf5mxxl7 gl3lb2sf hhz5lgdu\"><img decoding=\"async\" src=\"https:\/\/static.xx.fbcdn.net\/images\/emoji.php\/v9\/td2\/2\/16\/2714.png\" alt=\"\u2714\ufe0f\" width=\"16\" height=\"16\"><\/span> Servizo a domicilio<\/div>\n<div dir=\"auto\"><span class=\"pq6dq46d tbxw36s4 knj5qynh kvgmc6g5 ditlmg2l oygrvhab nvdbi5me sf5mxxl7 gl3lb2sf hhz5lgdu\"><img decoding=\"async\" src=\"https:\/\/static.xx.fbcdn.net\/images\/emoji.php\/v9\/t51\/1\/16\/2714.png\" alt=\"\u2714\ufe0f\" width=\"16\" height=\"16\"><\/span> Ampla variedade en marcas l\u00edderes<\/div>\n<div dir=\"auto\">\n<div dir=\"auto\"><span class=\"pq6dq46d tbxw36s4 knj5qynh kvgmc6g5 ditlmg2l oygrvhab nvdbi5me sf5mxxl7 gl3lb2sf hhz5lgdu\"><img decoding=\"async\" src=\"https:\/\/static.xx.fbcdn.net\/images\/emoji.php\/v9\/t51\/1\/16\/2714.png\" alt=\"\u2714\ufe0f\" width=\"16\" height=\"16\"><\/span> Frescos de tempada<\/div>\n<div dir=\"auto\"><\/div>\n<\/div>\n<div dir=\"auto\">\n<p><strong><a href=\"https:\/\/www.facebook.com\/hashtag\/%F0%9D%97%99%F0%9D%97%BF%F0%9D%97%BC%F0%9D%97%B6%F0%9D%98%87?__eep__=6&amp;__cft__%5B0%5D=AZX-Xli9WjZp2NRyufHkA5O6XiyXA3o5JHqh5vwyLUcPWHKPSlK7VeBC_c1HLcYBSZe9w2QY4KRR-fdLUo05f22hL82pHMW2hIEDEVglV3dZIbX68u5jIH8JJbTtpMXZcmkTf5p2y5E2SB4wDTTM2kMBHHytRw9Vys1t4hL_nooiUUkXfOav3T0cAuQIOQ6B5i4&amp;__tn__=*NK-R\" target=\"_blank\" rel=\"noopener\">#Froiz<\/a>, calidade, servizo e atenci\u00f3n.<\/strong><\/p>\n<\/div>\n<div dir=\"auto\"><\/div>\n<div dir=\"auto\"><a href=\"https:\/\/goo.gl\/maps\/i1q8zLnMkSRH4miu5\" target=\"_blank\" rel=\"noopener\">https:\/\/goo.gl\/maps\/i1q8zLnMkSRH4miu5<\/a><\/div>\n<div dir=\"auto\">\n\n<\/div>\n","protected":false},"excerpt":{"rendered":"<p>O supermercado #Froiz, situado na localidade de Tordesillas (Valladolid), reformouse e agora conta cunhas instalaci\u00f3ns m\u00e1is modernas. Mantiv\u00e9ronse todas as secci\u00f3ns de frescos de venda asistida: charcuter\u00eda, carnicer\u00eda, peixar\u00eda, fruter\u00eda e panader\u00eda, que conviven cos espazos dedicados a adega, droguer\u00eda e alimentaci\u00f3n xeral; as\u00ed como os lineais de conxelados e produtos refrixerados. Ofrece a calidade [&hellip;]<\/p>\n","protected":false},"author":1,"featured_media":26880,"comment_status":"open","ping_status":"open","sticky":false,"template":"","format":"standard","meta":{"_acf_changed":false,"footnotes":""},"categories":[143],"tags":[],"class_list":["post-27502","post","type-post","status-publish","format-standard","has-post-thumbnail","hentry","category-instalacions"],"acf":[],"publishpress_future_workflow_manual_trigger":{"enabledWorkflows":[]},"_links":{"self":[{"href":"https:\/\/froiz.es\/gl\/wp-json\/wp\/v2\/posts\/27502","targetHints":{"allow":["GET"]}}],"collection":[{"href":"https:\/\/froiz.es\/gl\/wp-json\/wp\/v2\/posts"}],"about":[{"href":"https:\/\/froiz.es\/gl\/wp-json\/wp\/v2\/types\/post"}],"author":[{"embeddable":true,"href":"https:\/\/froiz.es\/gl\/wp-json\/wp\/v2\/users\/1"}],"replies":[{"embeddable":true,"href":"https:\/\/froiz.es\/gl\/wp-json\/wp\/v2\/comments?post=27502"}],"version-history":[{"count":2,"href":"https:\/\/froiz.es\/gl\/wp-json\/wp\/v2\/posts\/27502\/revisions"}],"predecessor-version":[{"id":27523,"href":"https:\/\/froiz.es\/gl\/wp-json\/wp\/v2\/posts\/27502\/revisions\/27523"}],"wp:featuredmedia":[{"embeddable":true,"href":"https:\/\/froiz.es\/gl\/wp-json\/wp\/v2\/media\/26880"}],"wp:attachment":[{"href":"https:\/\/froiz.es\/gl\/wp-json\/wp\/v2\/media?parent=27502"}],"wp:term":[{"taxonomy":"category","embeddable":true,"href":"https:\/\/froiz.es\/gl\/wp-json\/wp\/v2\/categories?post=27502"},{"taxonomy":"post_tag","embeddable":true,"href":"https:\/\/froiz.es\/gl\/wp-json\/wp\/v2\/tags?post=27502"}],"curies":[{"name":"wp","href":"https:\/\/api.w.org\/{rel}","templated":true}]}}