{"id":27500,"date":"2023-03-30T08:20:13","date_gmt":"2023-03-30T06:20:13","guid":{"rendered":"https:\/\/pre.froiz.com\/abrimos-jueves-6-abril-todos-los-centros-froiz\/"},"modified":"2023-06-21T14:27:12","modified_gmt":"2023-06-21T12:27:12","slug":"abrimos-jueves-6-abril-todos-los-centros-froiz","status":"publish","type":"post","link":"https:\/\/froiz.es\/gl\/abrimos-jueves-6-abril-todos-los-centros-froiz\/","title":{"rendered":"Abrimos, xoves 6 de abril, todos os centros Froiz"},"content":{"rendered":"<p>Para facilitar as compras aos nosos clientes nesta Semana Santa, abrimos o xoves d\u00eda 6 de abril de 2023 todos os centros #Froiz de Espa\u00f1a.<\/p>\n<p><span style=\"text-decoration: underline;\"><strong>Os horarios ser\u00e1n os que siguen:<\/strong><\/span><\/p>\n<ul>\n<li><span style=\"text-decoration: underline;\"><strong>Supermercados:<\/strong><\/span> de 9:30 a 14:30h. <em>****(Os supermercados de C.C.Plaza El\u00edptica en Vigo, c\/Fontes de Ramos, en Sanxenxo y c\/Arenal 10-12, en Portonovo (Sanxenxo), abrir\u00e1n de 10:00 a 21:00)<\/em><\/li>\n<li><strong><span style=\"text-decoration: underline;\">Hipermercados:<\/span><\/strong>de&nbsp;10:00 a 21:00.<\/li>\n<li><span style=\"text-decoration: underline;\"><strong>Cash&amp;carry:<\/strong><\/span>&nbsp;de 9:30 a 14:30h.<\/li>\n<\/ul>\n","protected":false},"excerpt":{"rendered":"<p>Para facilitar as compras aos nosos clientes nesta Semana Santa, abrimos o xoves d\u00eda 6 de abril de 2023 todos os centros #Froiz de Espa\u00f1a. Os horarios ser\u00e1n os que siguen: Supermercados: de 9:30 a 14:30h. ****(Os supermercados de C.C.Plaza El\u00edptica en Vigo, c\/Fontes de Ramos, en Sanxenxo y c\/Arenal 10-12, en Portonovo (Sanxenxo), abrir\u00e1n [&hellip;]<\/p>\n","protected":false},"author":1,"featured_media":26879,"comment_status":"open","ping_status":"open","sticky":false,"template":"","format":"standard","meta":{"_acf_changed":false,"footnotes":""},"categories":[147],"tags":[],"class_list":["post-27500","post","type-post","status-publish","format-standard","has-post-thumbnail","hentry","category-novidades"],"acf":[],"publishpress_future_workflow_manual_trigger":{"enabledWorkflows":[]},"_links":{"self":[{"href":"https:\/\/froiz.es\/gl\/wp-json\/wp\/v2\/posts\/27500","targetHints":{"allow":["GET"]}}],"collection":[{"href":"https:\/\/froiz.es\/gl\/wp-json\/wp\/v2\/posts"}],"about":[{"href":"https:\/\/froiz.es\/gl\/wp-json\/wp\/v2\/types\/post"}],"author":[{"embeddable":true,"href":"https:\/\/froiz.es\/gl\/wp-json\/wp\/v2\/users\/1"}],"replies":[{"embeddable":true,"href":"https:\/\/froiz.es\/gl\/wp-json\/wp\/v2\/comments?post=27500"}],"version-history":[{"count":2,"href":"https:\/\/froiz.es\/gl\/wp-json\/wp\/v2\/posts\/27500\/revisions"}],"predecessor-version":[{"id":27522,"href":"https:\/\/froiz.es\/gl\/wp-json\/wp\/v2\/posts\/27500\/revisions\/27522"}],"wp:featuredmedia":[{"embeddable":true,"href":"https:\/\/froiz.es\/gl\/wp-json\/wp\/v2\/media\/26879"}],"wp:attachment":[{"href":"https:\/\/froiz.es\/gl\/wp-json\/wp\/v2\/media?parent=27500"}],"wp:term":[{"taxonomy":"category","embeddable":true,"href":"https:\/\/froiz.es\/gl\/wp-json\/wp\/v2\/categories?post=27500"},{"taxonomy":"post_tag","embeddable":true,"href":"https:\/\/froiz.es\/gl\/wp-json\/wp\/v2\/tags?post=27500"}],"curies":[{"name":"wp","href":"https:\/\/api.w.org\/{rel}","templated":true}]}}