{"id":25540,"date":"2023-03-03T13:35:47","date_gmt":"2023-03-03T12:35:47","guid":{"rendered":"https:\/\/froiz.devhub.es\/nueva-temporada-deportiva-del-superfroiz-de-ciclismo-carretera-y-ciclocross\/"},"modified":"2024-01-09T17:38:37","modified_gmt":"2024-01-09T16:38:37","slug":"nueva-temporada-deportiva-del-superfroiz-de-ciclismo-carretera-y-ciclocross","status":"publish","type":"post","link":"https:\/\/froiz.es\/gl\/nueva-temporada-deportiva-del-superfroiz-de-ciclismo-carretera-y-ciclocross\/","title":{"rendered":"Nueva temporada deportiva del SuperFroiz de ciclismo carretera y ciclocross"},"content":{"rendered":"<p style=\"text-align: justify;\"><strong>El <a href=\"https:\/\/equiposuperfroiz.com\/\" target=\"_blank\" rel=\"noopener\">Grupo Deportivo S\u00faper Froiz<\/a> ha presentado la temporada deportiva 2023<\/strong>\u00a0de sus dos equipos, el de carretera y el de ciclocr\u00f3s, de ciclismo amateur formados por j\u00f3venes corredores: chicos y chicas amantes de este deporte.\u00a0El equipo de ciclocr\u00f3s que ya lleva\u00a02 temporadas deportivas en activo, est\u00e1 dirigido por Ana Portela y cuenta con 6 corredores:\u00a02 chicos y 3 chicas. La escuadra de carretera est\u00e1 formada por 16 deportistas. El cuerpo t\u00e9cnico est\u00e1 capitaneado, un a\u00f1o m\u00e1s, por Evaristo Portela.<\/p>\n<p style=\"text-align: justify;\">Como en a\u00f1os anteriores, el equipo disputar\u00e1 esta temporada pruebas ya cl\u00e1sicas -en las\u00a0categor\u00edas \u00e9lite y sub 23- como son la\u00a0Copa de Espa\u00f1a y las tradicionales Vuelta a Toledo, Zamora, Galicia, el Memorial Valenciaga y las vueltas a Castell\u00f3n y vuelta a Espa\u00f1a sub-23.<\/p>\n<p style=\"text-align: justify;\">El equipo ciclista S\u00faper Froiz cumple este a\u00f1o 35 a\u00f1os de andadura deportiva ininterrumpida, lo que lo convierte en el equipo espa\u00f1ol de ciclismo amateur m\u00e1s longevo de su categor\u00eda. El acto tuvo lugar en localidad de Combarro, en el ayuntamiento de Poio (Pontevedra), al aire libre, cerca del puerto deportivo, y cont\u00f3 con la presencia de los representantes pol\u00edticos de distintas instituciones que han apoyado un a\u00f1o m\u00e1s\u00a0al equipo, de las marcas patrocinadoras, colaboradores y amigos del mundo del ciclismo.<\/p>\n<p style=\"text-align: justify;\">\u00a1Mucha suerte equipo!<\/p>\n<p>\u00a0<\/p>\n<p>\u00a0<\/p>\n\n\n<figure class=\"wp-block-gallery has-nested-images columns-default is-cropped wp-block-gallery-1 is-layout-flex wp-block-gallery-is-layout-flex\">\n<figure class=\"wp-block-image size-large\"><img fetchpriority=\"high\" decoding=\"async\" width=\"561\" height=\"374\" data-id=\"30229\" src=\"https:\/\/froiz.es\/wp-content\/uploads\/2024\/01\/01A-561x374.jpeg\" alt=\"\" class=\"wp-image-30229\" srcset=\"https:\/\/froiz.es\/wp-content\/uploads\/2024\/01\/01A-561x374.jpeg 561w, https:\/\/froiz.es\/wp-content\/uploads\/2024\/01\/01A-260x173.jpeg 260w, https:\/\/froiz.es\/wp-content\/uploads\/2024\/01\/01A-136x91.jpeg 136w, https:\/\/froiz.es\/wp-content\/uploads\/2024\/01\/01A-768x512.jpeg 768w, https:\/\/froiz.es\/wp-content\/uploads\/2024\/01\/01A-1536x1024.jpeg 1536w, https:\/\/froiz.es\/wp-content\/uploads\/2024\/01\/01A-2048x1365.jpeg 2048w\" sizes=\"(max-width: 561px) 100vw, 561px\" \/><\/figure>\n\n\n\n<figure class=\"wp-block-image size-large\"><img decoding=\"async\" width=\"561\" height=\"374\" data-id=\"30231\" src=\"https:\/\/froiz.es\/wp-content\/uploads\/2024\/01\/01B-561x374.jpg\" alt=\"\" class=\"wp-image-30231\" srcset=\"https:\/\/froiz.es\/wp-content\/uploads\/2024\/01\/01B-561x374.jpg 561w, https:\/\/froiz.es\/wp-content\/uploads\/2024\/01\/01B-260x173.jpg 260w, https:\/\/froiz.es\/wp-content\/uploads\/2024\/01\/01B-136x91.jpg 136w, https:\/\/froiz.es\/wp-content\/uploads\/2024\/01\/01B-768x512.jpg 768w, https:\/\/froiz.es\/wp-content\/uploads\/2024\/01\/01B-1536x1024.jpg 1536w, https:\/\/froiz.es\/wp-content\/uploads\/2024\/01\/01B-2048x1366.jpg 2048w\" sizes=\"(max-width: 561px) 100vw, 561px\" \/><\/figure>\n\n\n\n<figure class=\"wp-block-image size-large\"><img decoding=\"async\" width=\"561\" height=\"374\" data-id=\"30225\" src=\"https:\/\/froiz.es\/wp-content\/uploads\/2024\/01\/02-561x374.jpeg\" alt=\"\" class=\"wp-image-30225\" srcset=\"https:\/\/froiz.es\/wp-content\/uploads\/2024\/01\/02-561x374.jpeg 561w, https:\/\/froiz.es\/wp-content\/uploads\/2024\/01\/02-260x173.jpeg 260w, https:\/\/froiz.es\/wp-content\/uploads\/2024\/01\/02-136x91.jpeg 136w, https:\/\/froiz.es\/wp-content\/uploads\/2024\/01\/02-768x512.jpeg 768w, https:\/\/froiz.es\/wp-content\/uploads\/2024\/01\/02-1536x1024.jpeg 1536w, https:\/\/froiz.es\/wp-content\/uploads\/2024\/01\/02-2048x1365.jpeg 2048w\" sizes=\"(max-width: 561px) 100vw, 561px\" \/><\/figure>\n\n\n\n<figure class=\"wp-block-image size-large\"><img loading=\"lazy\" decoding=\"async\" width=\"561\" height=\"374\" data-id=\"30227\" src=\"https:\/\/froiz.es\/wp-content\/uploads\/2024\/01\/03-561x374.jpeg\" alt=\"\" class=\"wp-image-30227\" srcset=\"https:\/\/froiz.es\/wp-content\/uploads\/2024\/01\/03-561x374.jpeg 561w, https:\/\/froiz.es\/wp-content\/uploads\/2024\/01\/03-260x173.jpeg 260w, https:\/\/froiz.es\/wp-content\/uploads\/2024\/01\/03-136x91.jpeg 136w, https:\/\/froiz.es\/wp-content\/uploads\/2024\/01\/03-768x512.jpeg 768w, https:\/\/froiz.es\/wp-content\/uploads\/2024\/01\/03-1536x1024.jpeg 1536w, https:\/\/froiz.es\/wp-content\/uploads\/2024\/01\/03-2048x1365.jpeg 2048w\" sizes=\"(max-width: 561px) 100vw, 561px\" \/><\/figure>\n\n\n\n<figure class=\"wp-block-image size-large\"><img loading=\"lazy\" decoding=\"async\" width=\"561\" height=\"374\" data-id=\"30232\" src=\"https:\/\/froiz.es\/wp-content\/uploads\/2024\/01\/04-561x374.jpeg\" alt=\"\" class=\"wp-image-30232\" srcset=\"https:\/\/froiz.es\/wp-content\/uploads\/2024\/01\/04-561x374.jpeg 561w, https:\/\/froiz.es\/wp-content\/uploads\/2024\/01\/04-260x173.jpeg 260w, https:\/\/froiz.es\/wp-content\/uploads\/2024\/01\/04-136x91.jpeg 136w, https:\/\/froiz.es\/wp-content\/uploads\/2024\/01\/04-768x512.jpeg 768w, https:\/\/froiz.es\/wp-content\/uploads\/2024\/01\/04-1536x1024.jpeg 1536w, https:\/\/froiz.es\/wp-content\/uploads\/2024\/01\/04-2048x1365.jpeg 2048w\" sizes=\"(max-width: 561px) 100vw, 561px\" \/><\/figure>\n\n\n\n<figure class=\"wp-block-image size-large\"><img loading=\"lazy\" decoding=\"async\" width=\"561\" height=\"374\" data-id=\"30243\" src=\"https:\/\/froiz.es\/wp-content\/uploads\/2024\/01\/06-561x374.jpeg\" alt=\"\" class=\"wp-image-30243\" srcset=\"https:\/\/froiz.es\/wp-content\/uploads\/2024\/01\/06-561x374.jpeg 561w, https:\/\/froiz.es\/wp-content\/uploads\/2024\/01\/06-260x173.jpeg 260w, https:\/\/froiz.es\/wp-content\/uploads\/2024\/01\/06-136x91.jpeg 136w, https:\/\/froiz.es\/wp-content\/uploads\/2024\/01\/06-768x512.jpeg 768w, https:\/\/froiz.es\/wp-content\/uploads\/2024\/01\/06-1536x1024.jpeg 1536w, https:\/\/froiz.es\/wp-content\/uploads\/2024\/01\/06-2048x1365.jpeg 2048w\" sizes=\"(max-width: 561px) 100vw, 561px\" \/><\/figure>\n\n\n\n<figure class=\"wp-block-image size-large\"><img loading=\"lazy\" decoding=\"async\" width=\"561\" height=\"374\" data-id=\"30237\" src=\"https:\/\/froiz.es\/wp-content\/uploads\/2024\/01\/08-561x374.jpeg\" alt=\"\" class=\"wp-image-30237\" srcset=\"https:\/\/froiz.es\/wp-content\/uploads\/2024\/01\/08-561x374.jpeg 561w, https:\/\/froiz.es\/wp-content\/uploads\/2024\/01\/08-260x173.jpeg 260w, https:\/\/froiz.es\/wp-content\/uploads\/2024\/01\/08-136x91.jpeg 136w, https:\/\/froiz.es\/wp-content\/uploads\/2024\/01\/08-768x512.jpeg 768w, https:\/\/froiz.es\/wp-content\/uploads\/2024\/01\/08-1536x1024.jpeg 1536w, https:\/\/froiz.es\/wp-content\/uploads\/2024\/01\/08-2048x1365.jpeg 2048w\" sizes=\"(max-width: 561px) 100vw, 561px\" \/><\/figure>\n\n\n\n<figure class=\"wp-block-image size-large\"><img loading=\"lazy\" decoding=\"async\" width=\"561\" height=\"374\" data-id=\"30241\" src=\"https:\/\/froiz.es\/wp-content\/uploads\/2024\/01\/07-561x374.jpeg\" alt=\"\" class=\"wp-image-30241\" srcset=\"https:\/\/froiz.es\/wp-content\/uploads\/2024\/01\/07-561x374.jpeg 561w, https:\/\/froiz.es\/wp-content\/uploads\/2024\/01\/07-260x173.jpeg 260w, https:\/\/froiz.es\/wp-content\/uploads\/2024\/01\/07-136x91.jpeg 136w, https:\/\/froiz.es\/wp-content\/uploads\/2024\/01\/07-768x512.jpeg 768w, https:\/\/froiz.es\/wp-content\/uploads\/2024\/01\/07-1536x1024.jpeg 1536w, https:\/\/froiz.es\/wp-content\/uploads\/2024\/01\/07-2048x1365.jpeg 2048w\" sizes=\"(max-width: 561px) 100vw, 561px\" \/><\/figure>\n<\/figure>\n\n\n\n<figure class=\"wp-block-embed is-type-video is-provider-youtube wp-block-embed-youtube wp-embed-aspect-16-9 wp-has-aspect-ratio\"><div class=\"wp-block-embed__wrapper\">\n<iframe title=\"Presentaci\u00f3n Equipo ciclista Froiz carretera y ciclocr\u00f3s, marzo 2023\" width=\"800\" height=\"450\" src=\"https:\/\/www.youtube.com\/embed\/fPm0oWT_KJY?feature=oembed\" frameborder=\"0\" allow=\"accelerometer; autoplay; clipboard-write; encrypted-media; gyroscope; picture-in-picture; web-share\" allowfullscreen><\/iframe>\n<\/div><\/figure>\n","protected":false},"excerpt":{"rendered":"<p>El Grupo Deportivo S\u00faper Froiz ha presentado la temporada deportiva 2023\u00a0de sus dos equipos, el de carretera y el de ciclocr\u00f3s, de ciclismo amateur formados por j\u00f3venes corredores: chicos y chicas amantes de este deporte.\u00a0El equipo de ciclocr\u00f3s que ya lleva\u00a02 temporadas deportivas en activo, est\u00e1 dirigido por Ana Portela y cuenta con 6 corredores:\u00a02 [&hellip;]<\/p>\n","protected":false},"author":1,"featured_media":25781,"comment_status":"open","ping_status":"open","sticky":false,"template":"","format":"standard","meta":{"_acf_changed":false,"footnotes":""},"categories":[15],"tags":[],"class_list":["post-25540","post","type-post","status-publish","format-standard","has-post-thumbnail","hentry","category-deporte"],"acf":[],"publishpress_future_workflow_manual_trigger":{"enabledWorkflows":[]},"_links":{"self":[{"href":"https:\/\/froiz.es\/gl\/wp-json\/wp\/v2\/posts\/25540","targetHints":{"allow":["GET"]}}],"collection":[{"href":"https:\/\/froiz.es\/gl\/wp-json\/wp\/v2\/posts"}],"about":[{"href":"https:\/\/froiz.es\/gl\/wp-json\/wp\/v2\/types\/post"}],"author":[{"embeddable":true,"href":"https:\/\/froiz.es\/gl\/wp-json\/wp\/v2\/users\/1"}],"replies":[{"embeddable":true,"href":"https:\/\/froiz.es\/gl\/wp-json\/wp\/v2\/comments?post=25540"}],"version-history":[{"count":2,"href":"https:\/\/froiz.es\/gl\/wp-json\/wp\/v2\/posts\/25540\/revisions"}],"predecessor-version":[{"id":30246,"href":"https:\/\/froiz.es\/gl\/wp-json\/wp\/v2\/posts\/25540\/revisions\/30246"}],"wp:featuredmedia":[{"embeddable":true,"href":"https:\/\/froiz.es\/gl\/wp-json\/wp\/v2\/media\/25781"}],"wp:attachment":[{"href":"https:\/\/froiz.es\/gl\/wp-json\/wp\/v2\/media?parent=25540"}],"wp:term":[{"taxonomy":"category","embeddable":true,"href":"https:\/\/froiz.es\/gl\/wp-json\/wp\/v2\/categories?post=25540"},{"taxonomy":"post_tag","embeddable":true,"href":"https:\/\/froiz.es\/gl\/wp-json\/wp\/v2\/tags?post=25540"}],"curies":[{"name":"wp","href":"https:\/\/api.w.org\/{rel}","templated":true}]}}