{"id":25536,"date":"2023-02-01T13:38:29","date_gmt":"2023-02-01T12:38:29","guid":{"rendered":"https:\/\/froiz.devhub.es\/alumnos-de-fp-del-colexio-mendino-de-vigo-visitan-una-tienda-froiz\/"},"modified":"2023-06-19T13:53:51","modified_gmt":"2023-06-19T11:53:51","slug":"alumnos-de-fp-del-colexio-mendino-de-vigo-visitan-una-tienda-froiz","status":"publish","type":"post","link":"https:\/\/froiz.es\/gl\/alumnos-de-fp-del-colexio-mendino-de-vigo-visitan-una-tienda-froiz\/","title":{"rendered":"Alumnos de FP del Colexio Mendi\u00f1o de Vigo visitan una tienda Froiz"},"content":{"rendered":"<p style=\"text-align: justify;\">Estudiantes del ciclo formativo de FP de T\u00e9cnico de Actividades Comerciales del Colexio Mendi\u00f1o de la ciudad de Vigo visitaron un supermercado Froiz para conocer desde dentro como se realiza la actividad de distribuci\u00f3n y comercializaci\u00f3n de productos frescos, congelados, refrigerados y no perecederos.<\/p>\n<p style=\"text-align: justify;\">Los profesionales Froiz les explicaron la labor de gesti\u00f3n y organizaci\u00f3n que se realiza diariamente en&nbsp;nuestros establecimientos, para que el cliente encuentre el producto que desea en perfectas condiciones de calidad y frescura. Se prest\u00f3 especial atenci\u00f3n a la recepci\u00f3n y distribuci\u00f3n de la mercanc\u00eda, la disposici\u00f3n de las secciones de frescos y la exposici\u00f3n de los productos. Se les explic\u00f3 toda la normativa de seguridad alimentaria en vigor, los protocolos de&nbsp;manipulaci\u00f3n de alimentos, mantenimiento de las cadenas de fr\u00edo, limpieza, higiene y calidad implantados; as\u00ed como las medidas de sostenibilidad y de reducci\u00f3n del desperdicio alimentario que el grupo lleva a cabo.<\/p>\n<p style=\"text-align: justify;\">Se&nbsp;hizo especial hincapi\u00e9 en las secciones de frescos con venta asistida y en los obradores para la preparaci\u00f3n de productos frescos, como es el caso de las panader\u00edas con el horneado y la carnicer\u00eda con el despiece y preparaci\u00f3n de elaborados caseros diarios como alb\u00f3ndigas o brochetas.<\/p>\n<p style=\"text-align: justify;\">Estas visitas escolares se enmarcan dentro del \u00e1rea de RSC con el objetivo de poner&nbsp;<span style=\"font-weight: 400;\">en valor la labor de los profesionales y de toda la cadena de suministro&nbsp;del sector alimentaci\u00f3n. Adem\u00e1s, desde hace unos a\u00f1os, la empresa&nbsp;<strong>#Froiz<\/strong>&nbsp;colabora&nbsp;con la Xunta de Galicia<strong>&nbsp;en el desarrollo de grados formativos de <a href=\"https:\/\/www.froiz.com\/reconocimiento-de-la-xunta-de-galicia-como-empresa-colaboradora-fp-dual\/\" target=\"_blank\" rel=\"noopener\">Formaci\u00f3n Profesional Dual<\/a><\/strong>.<\/span><\/p>\n<p>&nbsp;<\/p>\n","protected":false},"excerpt":{"rendered":"<p>Estudiantes del ciclo formativo de FP de T\u00e9cnico de Actividades Comerciales del Colexio Mendi\u00f1o de la ciudad de Vigo visitaron un supermercado Froiz para conocer desde dentro como se realiza la actividad de distribuci\u00f3n y comercializaci\u00f3n de productos frescos, congelados, refrigerados y no perecederos. Los profesionales Froiz les explicaron la labor de gesti\u00f3n y organizaci\u00f3n [&hellip;]<\/p>\n","protected":false},"author":1,"featured_media":25787,"comment_status":"open","ping_status":"open","sticky":false,"template":"","format":"standard","meta":{"_acf_changed":false,"footnotes":""},"categories":[100],"tags":[],"class_list":["post-25536","post","type-post","status-publish","format-standard","has-post-thumbnail","hentry","category-rsc"],"acf":[],"publishpress_future_workflow_manual_trigger":{"enabledWorkflows":[]},"_links":{"self":[{"href":"https:\/\/froiz.es\/gl\/wp-json\/wp\/v2\/posts\/25536","targetHints":{"allow":["GET"]}}],"collection":[{"href":"https:\/\/froiz.es\/gl\/wp-json\/wp\/v2\/posts"}],"about":[{"href":"https:\/\/froiz.es\/gl\/wp-json\/wp\/v2\/types\/post"}],"author":[{"embeddable":true,"href":"https:\/\/froiz.es\/gl\/wp-json\/wp\/v2\/users\/1"}],"replies":[{"embeddable":true,"href":"https:\/\/froiz.es\/gl\/wp-json\/wp\/v2\/comments?post=25536"}],"version-history":[{"count":0,"href":"https:\/\/froiz.es\/gl\/wp-json\/wp\/v2\/posts\/25536\/revisions"}],"wp:featuredmedia":[{"embeddable":true,"href":"https:\/\/froiz.es\/gl\/wp-json\/wp\/v2\/media\/25787"}],"wp:attachment":[{"href":"https:\/\/froiz.es\/gl\/wp-json\/wp\/v2\/media?parent=25536"}],"wp:term":[{"taxonomy":"category","embeddable":true,"href":"https:\/\/froiz.es\/gl\/wp-json\/wp\/v2\/categories?post=25536"},{"taxonomy":"post_tag","embeddable":true,"href":"https:\/\/froiz.es\/gl\/wp-json\/wp\/v2\/tags?post=25536"}],"curies":[{"name":"wp","href":"https:\/\/api.w.org\/{rel}","templated":true}]}}