{"id":25534,"date":"2023-01-15T10:48:03","date_gmt":"2023-01-15T09:48:03","guid":{"rendered":"https:\/\/froiz.devhub.es\/victoria-en-el-campeonato-de-espana-sub-23-de-ciclocros\/"},"modified":"2023-06-19T13:55:05","modified_gmt":"2023-06-19T11:55:05","slug":"victoria-en-el-campeonato-de-espana-sub-23-de-ciclocros","status":"publish","type":"post","link":"https:\/\/froiz.es\/gl\/victoria-en-el-campeonato-de-espana-sub-23-de-ciclocros\/","title":{"rendered":"Victoria en el Campeonato de Espa\u00f1a sub-23 de Ciclocr\u00f3s"},"content":{"rendered":"<p style=\"text-align: justify;\">Victoria para el Froiz por partida doble. El ciclista c\u00e1ntabro <a style=\"font-weight: bold;\" href=\"https:\/\/www.instagram.com\/gonzalo_inguanzo\/?hl=es\" target=\"_blank\" rel=\"noopener\">Gonzalo Inguanzo,<\/a><b> corredor del Grupo Deportivo Supermercados Froiz de ciclocr\u00f3s,<\/b> se proclam\u00f3 este domingo campe\u00f3n de Espa\u00f1a Sub23 de ciclocross al imponerse en la carrera de Vic (Barcelona. Catalu\u00f1a).\u00a0<strong>Inguanzo<\/strong> entr\u00f3 en meta con 24 segundos de ventaja respecto a\u00a0<strong><a href=\"https:\/\/www.instagram.com\/miguel_rgz03\/?hl=es\" target=\"_blank\" rel=\"noopener\">Miguel Rodr\u00edguez<\/a>,\u00a0<\/strong>\u00a0tambi\u00e9n corredor del equipo pontevedr\u00e9s, que consigui\u00f3 la plata.<\/p>\n<p style=\"text-align: justify;\">Con esta victoria, el equipo ciclista consigue \u201cun broche de oro a este final de temporada, a falta de la Copa del Mundo de Benidorm, pero el gran objetivo del a\u00f1o se ha cumplido por partida doble\u201d, indicaron desde el Grupo Deportivo Supermercados Froiz tras el gran resultado de dos de sus ciclistas.<\/p>\n<p style=\"text-align: justify;\">\u00a1Enhorabuena a todo el equipo por esta gran temporada deportiva, y, a los corredores: Inguanzo y Rodr\u00edguez por esta gran victoria! \u00a1Felicidades!<\/p>\n<p style=\"text-align: justify;\">Sigue la actualidad de el equipo:\u00a0\u00a0<a href=\"https:\/\/www.instagram.com\/superfroiz\/?hl=es\" target=\"_blank\" rel=\"noopener\">Grupo deportivo S\u00faper Froiz.\u00a0<\/a><\/p>\n","protected":false},"excerpt":{"rendered":"<p>Victoria para el Froiz por partida doble. El ciclista c\u00e1ntabro Gonzalo Inguanzo, corredor del Grupo Deportivo Supermercados Froiz de ciclocr\u00f3s, se proclam\u00f3 este domingo campe\u00f3n de Espa\u00f1a Sub23 de ciclocross al imponerse en la carrera de Vic (Barcelona. Catalu\u00f1a).\u00a0Inguanzo entr\u00f3 en meta con 24 segundos de ventaja respecto a\u00a0Miguel Rodr\u00edguez,\u00a0\u00a0tambi\u00e9n corredor del equipo pontevedr\u00e9s, que [&hellip;]<\/p>\n","protected":false},"author":1,"featured_media":25791,"comment_status":"open","ping_status":"open","sticky":false,"template":"","format":"standard","meta":{"_acf_changed":false,"footnotes":""},"categories":[15],"tags":[],"class_list":["post-25534","post","type-post","status-publish","format-standard","has-post-thumbnail","hentry","category-deporte"],"acf":[],"publishpress_future_workflow_manual_trigger":{"enabledWorkflows":[]},"_links":{"self":[{"href":"https:\/\/froiz.es\/gl\/wp-json\/wp\/v2\/posts\/25534","targetHints":{"allow":["GET"]}}],"collection":[{"href":"https:\/\/froiz.es\/gl\/wp-json\/wp\/v2\/posts"}],"about":[{"href":"https:\/\/froiz.es\/gl\/wp-json\/wp\/v2\/types\/post"}],"author":[{"embeddable":true,"href":"https:\/\/froiz.es\/gl\/wp-json\/wp\/v2\/users\/1"}],"replies":[{"embeddable":true,"href":"https:\/\/froiz.es\/gl\/wp-json\/wp\/v2\/comments?post=25534"}],"version-history":[{"count":0,"href":"https:\/\/froiz.es\/gl\/wp-json\/wp\/v2\/posts\/25534\/revisions"}],"wp:featuredmedia":[{"embeddable":true,"href":"https:\/\/froiz.es\/gl\/wp-json\/wp\/v2\/media\/25791"}],"wp:attachment":[{"href":"https:\/\/froiz.es\/gl\/wp-json\/wp\/v2\/media?parent=25534"}],"wp:term":[{"taxonomy":"category","embeddable":true,"href":"https:\/\/froiz.es\/gl\/wp-json\/wp\/v2\/categories?post=25534"},{"taxonomy":"post_tag","embeddable":true,"href":"https:\/\/froiz.es\/gl\/wp-json\/wp\/v2\/tags?post=25534"}],"curies":[{"name":"wp","href":"https:\/\/api.w.org\/{rel}","templated":true}]}}