{"id":25533,"date":"2023-01-04T13:52:17","date_gmt":"2023-01-04T12:52:17","guid":{"rendered":"https:\/\/froiz.devhub.es\/froiz-colabora-con-down-galicia\/"},"modified":"2023-06-19T13:55:37","modified_gmt":"2023-06-19T11:55:37","slug":"froiz-colabora-con-down-galicia","status":"publish","type":"post","link":"https:\/\/froiz.es\/gl\/froiz-colabora-con-down-galicia\/","title":{"rendered":"Froiz colabora con Down Galicia"},"content":{"rendered":"<p style=\"text-align: justify;\"><strong><b>Froiz es u<\/b>na empresa comprometida con\u00a0su entorno social y econ\u00f3mico m\u00e1s directo, de ah\u00ed que una de nuestras m\u00e1ximas empresariales sea invertir y crear riqueza en nuestro propio entorno. Dentro de esa RSC, se enmarca la voluntad de la empresa #Froiz\u00a0de promover<\/strong>\u00a0el <strong>empleo y\u00a0la inserci\u00f3n laboral<\/strong> de distintos colectivos sociales.<\/p>\n<p style=\"text-align: justify;\">Es el caso de la campa\u00f1a de Navidad. Cada a\u00f1o, se contratan personas de la bolsa de empleo de la Asociaci\u00f3n Down Pontevedra &#8220;Xuntos&#8221; para realizar labores de apoyo a la elaboraci\u00f3n de las cestas y lotes de Navidad, productos que posteriormente son vendidos en los distintos establecimientos Froiz y tambi\u00e9n en la tienda online.<\/p>\n<p style=\"text-align: justify;\"><b>Estas personas, reciben\u00a0formaci\u00f3n espec\u00edfica por parte de un preparador laboral sobre las t\u00e9cnicas que son necesarias para el\u00a0puesto de trabajo, y posteriormente desarrollan su tarea con total responsabilidad.\u00a0<\/b><\/p>\n<p style=\"text-align: justify;\">Ver la noticia completa\u00a0<a href=\"https:\/\/www.lavozdegalicia.es\/noticia\/pontevedra\/pontevedra\/2022\/12\/27\/ggg\/00031672137980238745679.htm\" target=\"_blank\" rel=\"noopener\">aqu\u00ed\u00a0<\/a><\/p>\n","protected":false},"excerpt":{"rendered":"<p>Froiz es una empresa comprometida con\u00a0su entorno social y econ\u00f3mico m\u00e1s directo, de ah\u00ed que una de nuestras m\u00e1ximas empresariales sea invertir y crear riqueza en nuestro propio entorno. Dentro de esa RSC, se enmarca la voluntad de la empresa #Froiz\u00a0de promover\u00a0el empleo y\u00a0la inserci\u00f3n laboral de distintos colectivos sociales. Es el caso de la [&hellip;]<\/p>\n","protected":false},"author":1,"featured_media":25793,"comment_status":"open","ping_status":"open","sticky":false,"template":"","format":"standard","meta":{"_acf_changed":false,"footnotes":""},"categories":[100],"tags":[],"class_list":["post-25533","post","type-post","status-publish","format-standard","has-post-thumbnail","hentry","category-rsc"],"acf":[],"publishpress_future_workflow_manual_trigger":{"enabledWorkflows":[]},"_links":{"self":[{"href":"https:\/\/froiz.es\/gl\/wp-json\/wp\/v2\/posts\/25533","targetHints":{"allow":["GET"]}}],"collection":[{"href":"https:\/\/froiz.es\/gl\/wp-json\/wp\/v2\/posts"}],"about":[{"href":"https:\/\/froiz.es\/gl\/wp-json\/wp\/v2\/types\/post"}],"author":[{"embeddable":true,"href":"https:\/\/froiz.es\/gl\/wp-json\/wp\/v2\/users\/1"}],"replies":[{"embeddable":true,"href":"https:\/\/froiz.es\/gl\/wp-json\/wp\/v2\/comments?post=25533"}],"version-history":[{"count":0,"href":"https:\/\/froiz.es\/gl\/wp-json\/wp\/v2\/posts\/25533\/revisions"}],"wp:featuredmedia":[{"embeddable":true,"href":"https:\/\/froiz.es\/gl\/wp-json\/wp\/v2\/media\/25793"}],"wp:attachment":[{"href":"https:\/\/froiz.es\/gl\/wp-json\/wp\/v2\/media?parent=25533"}],"wp:term":[{"taxonomy":"category","embeddable":true,"href":"https:\/\/froiz.es\/gl\/wp-json\/wp\/v2\/categories?post=25533"},{"taxonomy":"post_tag","embeddable":true,"href":"https:\/\/froiz.es\/gl\/wp-json\/wp\/v2\/tags?post=25533"}],"curies":[{"name":"wp","href":"https:\/\/api.w.org\/{rel}","templated":true}]}}