{"id":25529,"date":"2022-12-16T12:12:46","date_gmt":"2022-12-16T11:12:46","guid":{"rendered":"https:\/\/froiz.devhub.es\/froiz-participa-en-un-encuentro-empresarial-sobre-responsabilidad-social-empresarial\/"},"modified":"2023-06-19T13:56:58","modified_gmt":"2023-06-19T11:56:58","slug":"froiz-participa-en-un-encuentro-empresarial-sobre-responsabilidad-social-empresarial","status":"publish","type":"post","link":"https:\/\/froiz.es\/gl\/froiz-participa-en-un-encuentro-empresarial-sobre-responsabilidad-social-empresarial\/","title":{"rendered":"Froiz participa en un encuentro empresarial sobre Responsabilidad Social Empresarial"},"content":{"rendered":"<p style=\"text-align: justify;\">La&nbsp; directora de <b>RSC de la empresa&nbsp;Froiz<\/b>, Silvia P\u00e9rez, particip\u00f3 en el III <strong>Encuentro sobre la Responsabilidad Social Empresarial<\/strong>&nbsp;organizado por el Foro Empresa Pontevedra. Las&nbsp;jornadas que contaron con expertos de diferentes \u00e1mbitos empresariales y de la administraci\u00f3n local y auton\u00f3mica, tuvieron como&nbsp;objetivo visibilizar, poner en valor y profundizar en esta materia de la <strong>RSE y la econom\u00eda circular.&nbsp;<\/strong><\/p>\n<p style=\"text-align: justify;\">El panel de expertos destac\u00f3 el papel importante que tienen las&nbsp;empresas responsables y socialmente comprometidas, como es el caso del Grupo Froiz, en la sociedad ya que contribuyen a crear impacto positivo y generar valor compartido en tres grandes \u00e1mbitos: econ\u00f3mico, social y ambiental.<\/p>\n<p style=\"text-align: justify;\"><span style=\"font-weight: 400;\">La <strong>empresa Froiz<\/strong> es una<\/span> <span style=\"font-weight: 400;\">empresa comprometida con nuestro entorno social y econ\u00f3mico m\u00e1s directo, de ah\u00ed que una de nuestras m\u00e1ximas empresariales sea invertir y crear riqueza en nuestro propio entorno.&nbsp;<\/span><span style=\"font-weight: 400;\">Desde nuestros inicios, hemos tenido presente la necesidad de colaborar con la sociedad. Adem\u00e1s,<\/span><span style=\"font-weight: 400;\">&nbsp;creemos en el&nbsp; desarrollo sostenible del negocio y en la necesidad de reducir la huella de carbono y el impacto medioambiental derivado de nuestra propia actividad.<\/span><\/p>\n<p style=\"text-align: justify;\">\n","protected":false},"excerpt":{"rendered":"<p>La&nbsp; directora de RSC de la empresa&nbsp;Froiz, Silvia P\u00e9rez, particip\u00f3 en el III Encuentro sobre la Responsabilidad Social Empresarial&nbsp;organizado por el Foro Empresa Pontevedra. Las&nbsp;jornadas que contaron con expertos de diferentes \u00e1mbitos empresariales y de la administraci\u00f3n local y auton\u00f3mica, tuvieron como&nbsp;objetivo visibilizar, poner en valor y profundizar en esta materia de la RSE y [&hellip;]<\/p>\n","protected":false},"author":1,"featured_media":25799,"comment_status":"open","ping_status":"open","sticky":false,"template":"","format":"standard","meta":{"_acf_changed":false,"footnotes":""},"categories":[100],"tags":[],"class_list":["post-25529","post","type-post","status-publish","format-standard","has-post-thumbnail","hentry","category-rsc"],"acf":[],"publishpress_future_workflow_manual_trigger":{"enabledWorkflows":[]},"_links":{"self":[{"href":"https:\/\/froiz.es\/gl\/wp-json\/wp\/v2\/posts\/25529","targetHints":{"allow":["GET"]}}],"collection":[{"href":"https:\/\/froiz.es\/gl\/wp-json\/wp\/v2\/posts"}],"about":[{"href":"https:\/\/froiz.es\/gl\/wp-json\/wp\/v2\/types\/post"}],"author":[{"embeddable":true,"href":"https:\/\/froiz.es\/gl\/wp-json\/wp\/v2\/users\/1"}],"replies":[{"embeddable":true,"href":"https:\/\/froiz.es\/gl\/wp-json\/wp\/v2\/comments?post=25529"}],"version-history":[{"count":0,"href":"https:\/\/froiz.es\/gl\/wp-json\/wp\/v2\/posts\/25529\/revisions"}],"wp:featuredmedia":[{"embeddable":true,"href":"https:\/\/froiz.es\/gl\/wp-json\/wp\/v2\/media\/25799"}],"wp:attachment":[{"href":"https:\/\/froiz.es\/gl\/wp-json\/wp\/v2\/media?parent=25529"}],"wp:term":[{"taxonomy":"category","embeddable":true,"href":"https:\/\/froiz.es\/gl\/wp-json\/wp\/v2\/categories?post=25529"},{"taxonomy":"post_tag","embeddable":true,"href":"https:\/\/froiz.es\/gl\/wp-json\/wp\/v2\/tags?post=25529"}],"curies":[{"name":"wp","href":"https:\/\/api.w.org\/{rel}","templated":true}]}}