{"id":25527,"date":"2022-11-11T10:52:31","date_gmt":"2022-11-11T09:52:31","guid":{"rendered":"https:\/\/froiz.devhub.es\/visita-a-la-sede-central-de-froiz-en-lourido-poio\/"},"modified":"2024-01-31T14:26:49","modified_gmt":"2024-01-31T13:26:49","slug":"visita-a-la-sede-central-de-froiz-en-lourido-poio","status":"publish","type":"post","link":"https:\/\/froiz.es\/gl\/visita-a-la-sede-central-de-froiz-en-lourido-poio\/","title":{"rendered":"Visita a la sede central de Froiz, en Lourido (Poio)"},"content":{"rendered":"<p style=\"text-align: justify;\">El secretario general del PSdeG-PSOE, Valent\u00edn Gonz\u00e1lez Formoso,&nbsp;visit\u00f3&nbsp;la sede central de la empresa #Froiz en Lourido (Poio). Estuvo acompa\u00f1ado por varias&nbsp;parlamentarias auton\u00f3micas, el candidato socialista&nbsp;a la alcald\u00eda de Poio; y la secretaria de Emprendimiento&nbsp;y Dinamizaci\u00f3n Econ\u00f3mica del partido.<\/p>\n<p style=\"text-align: justify;\">Durante la visita, su equipo pudo conocer las instalaciones de&nbsp;alimentaci\u00f3n general, bodega y droguer\u00eda, adem\u00e1s del almac\u00e9n de frutas y verduras, las oficinas centrales del grupo y toda la cadena log\u00edstica de la empresa.<\/p>\n<p style=\"text-align: justify;\">#Froiz se sit\u00faa entre las 20 primeras empresas del sector a nivel nacional y da empleo directo a 6.200 profesionales del sector alimentaci\u00f3n. Ofrece a los clientes la mejor calidad a los mejores precios, con un buen servicio y atenci\u00f3n en centros de proximidad; adem\u00e1s, de un amplio surtido en frescos, productos de marcas l\u00edderes y marca Froiz.&nbsp;&nbsp;<strong>El cliente est\u00e1 en el centro de todas las decisiones: \u201cSiempre a su servicio\u201d<\/strong>, intentando dar respuesta a sus demandas y necesidades. En este contexto, Formoso destac\u00f3 el trabajo que desenvuelve esta empresa gallega&nbsp;y subray\u00f3 su<strong>&nbsp;potencial en la&nbsp;distribuci\u00f3n alimentaria.<\/strong><\/p>\n","protected":false},"excerpt":{"rendered":"<p>El secretario general del PSdeG-PSOE, Valent\u00edn Gonz\u00e1lez Formoso,&nbsp;visit\u00f3&nbsp;la sede central de la empresa #Froiz en Lourido (Poio). Estuvo acompa\u00f1ado por varias&nbsp;parlamentarias auton\u00f3micas, el candidato socialista&nbsp;a la alcald\u00eda de Poio; y la secretaria de Emprendimiento&nbsp;y Dinamizaci\u00f3n Econ\u00f3mica del partido. Durante la visita, su equipo pudo conocer las instalaciones de&nbsp;alimentaci\u00f3n general, bodega y droguer\u00eda, adem\u00e1s del almac\u00e9n [&hellip;]<\/p>\n","protected":false},"author":1,"featured_media":25801,"comment_status":"open","ping_status":"open","sticky":false,"template":"","format":"standard","meta":{"_acf_changed":false,"footnotes":""},"categories":[135],"tags":[],"class_list":["post-25527","post","type-post","status-publish","format-standard","has-post-thumbnail","hentry","category-sin-categorizar"],"acf":[],"publishpress_future_workflow_manual_trigger":{"enabledWorkflows":[]},"_links":{"self":[{"href":"https:\/\/froiz.es\/gl\/wp-json\/wp\/v2\/posts\/25527","targetHints":{"allow":["GET"]}}],"collection":[{"href":"https:\/\/froiz.es\/gl\/wp-json\/wp\/v2\/posts"}],"about":[{"href":"https:\/\/froiz.es\/gl\/wp-json\/wp\/v2\/types\/post"}],"author":[{"embeddable":true,"href":"https:\/\/froiz.es\/gl\/wp-json\/wp\/v2\/users\/1"}],"replies":[{"embeddable":true,"href":"https:\/\/froiz.es\/gl\/wp-json\/wp\/v2\/comments?post=25527"}],"version-history":[{"count":1,"href":"https:\/\/froiz.es\/gl\/wp-json\/wp\/v2\/posts\/25527\/revisions"}],"predecessor-version":[{"id":30428,"href":"https:\/\/froiz.es\/gl\/wp-json\/wp\/v2\/posts\/25527\/revisions\/30428"}],"wp:featuredmedia":[{"embeddable":true,"href":"https:\/\/froiz.es\/gl\/wp-json\/wp\/v2\/media\/25801"}],"wp:attachment":[{"href":"https:\/\/froiz.es\/gl\/wp-json\/wp\/v2\/media?parent=25527"}],"wp:term":[{"taxonomy":"category","embeddable":true,"href":"https:\/\/froiz.es\/gl\/wp-json\/wp\/v2\/categories?post=25527"},{"taxonomy":"post_tag","embeddable":true,"href":"https:\/\/froiz.es\/gl\/wp-json\/wp\/v2\/tags?post=25527"}],"curies":[{"name":"wp","href":"https:\/\/api.w.org\/{rel}","templated":true}]}}