{"id":25525,"date":"2022-11-05T16:39:36","date_gmt":"2022-11-05T15:39:36","guid":{"rendered":"https:\/\/froiz.devhub.es\/ape-galicia-reconoce-la-trayectoria-profesional-de-la-empresa-froiz\/"},"modified":"2023-06-19T14:00:14","modified_gmt":"2023-06-19T12:00:14","slug":"ape-galicia-reconoce-la-trayectoria-profesional-de-la-empresa-froiz","status":"publish","type":"post","link":"https:\/\/froiz.es\/gl\/ape-galicia-reconoce-la-trayectoria-profesional-de-la-empresa-froiz\/","title":{"rendered":"APE Galicia reconoce la trayectoria profesional de la empresa #Froiz"},"content":{"rendered":"<p style=\"text-align: justify;\"><strong>APE Galicia (Asociaci\u00f3n Intersectorial e Interterritorial de Aut\u00f3nomos e Pequenas Empresas de Galicia) ha premiado la trayectoria empresarial de Mag\u00edn Alfredo Froiz Planes, a t\u00edtulo p\u00f3stumo, un reconocimiento a sus 54 a\u00f1os de carrera profesional como aut\u00f3nomo y presidente del Grupo Froiz.<\/strong><\/p>\n<p style=\"text-align: justify;\"><strong> Una distinci\u00f3n que entreg\u00f3 el vicepresidente primero de la Xunta de Galicia y conselleiro de Econom\u00eda, Empresa e Innovaci\u00f3n, Francisco Conde L\u00f3pez. <\/strong>El acto&nbsp;cont\u00f3 con la presencia de distintas autoridades auton\u00f3micas y locales; adem\u00e1s de figuras destacadas del mundo de la empresa y de los aut\u00f3nomos de Galicia.<\/p>\n<p style=\"text-align: justify;\">Nuestro agradecimiento por este reconocimiento que compartimos con todos&nbsp;los trabajadores #Froiz, familia, amigos, proveedores y colaboradores.<\/p>\n<p>M\u00e1s info:<a href=\"http:\/\/www.apegalicia.es\/\" target=\"_blank\" rel=\"noopener\"> http:\/\/www.apegalicia.es\/<\/a><\/p>\n","protected":false},"excerpt":{"rendered":"<p>APE Galicia (Asociaci\u00f3n Intersectorial e Interterritorial de Aut\u00f3nomos e Pequenas Empresas de Galicia) ha premiado la trayectoria empresarial de Mag\u00edn Alfredo Froiz Planes, a t\u00edtulo p\u00f3stumo, un reconocimiento a sus 54 a\u00f1os de carrera profesional como aut\u00f3nomo y presidente del Grupo Froiz. Una distinci\u00f3n que entreg\u00f3 el vicepresidente primero de la Xunta de Galicia y [&hellip;]<\/p>\n","protected":false},"author":1,"featured_media":25804,"comment_status":"open","ping_status":"open","sticky":false,"template":"","format":"standard","meta":{"_acf_changed":false,"footnotes":""},"categories":[33],"tags":[],"class_list":["post-25525","post","type-post","status-publish","format-standard","has-post-thumbnail","hentry","category-reconocimientos"],"acf":[],"publishpress_future_workflow_manual_trigger":{"enabledWorkflows":[]},"_links":{"self":[{"href":"https:\/\/froiz.es\/gl\/wp-json\/wp\/v2\/posts\/25525","targetHints":{"allow":["GET"]}}],"collection":[{"href":"https:\/\/froiz.es\/gl\/wp-json\/wp\/v2\/posts"}],"about":[{"href":"https:\/\/froiz.es\/gl\/wp-json\/wp\/v2\/types\/post"}],"author":[{"embeddable":true,"href":"https:\/\/froiz.es\/gl\/wp-json\/wp\/v2\/users\/1"}],"replies":[{"embeddable":true,"href":"https:\/\/froiz.es\/gl\/wp-json\/wp\/v2\/comments?post=25525"}],"version-history":[{"count":0,"href":"https:\/\/froiz.es\/gl\/wp-json\/wp\/v2\/posts\/25525\/revisions"}],"wp:featuredmedia":[{"embeddable":true,"href":"https:\/\/froiz.es\/gl\/wp-json\/wp\/v2\/media\/25804"}],"wp:attachment":[{"href":"https:\/\/froiz.es\/gl\/wp-json\/wp\/v2\/media?parent=25525"}],"wp:term":[{"taxonomy":"category","embeddable":true,"href":"https:\/\/froiz.es\/gl\/wp-json\/wp\/v2\/categories?post=25525"},{"taxonomy":"post_tag","embeddable":true,"href":"https:\/\/froiz.es\/gl\/wp-json\/wp\/v2\/tags?post=25525"}],"curies":[{"name":"wp","href":"https:\/\/api.w.org\/{rel}","templated":true}]}}