{"id":25520,"date":"2022-10-06T14:51:09","date_gmt":"2022-10-06T12:51:09","guid":{"rendered":"https:\/\/froiz.devhub.es\/froiz-medalla-al-merito-deportivo-2022\/"},"modified":"2023-06-21T13:32:04","modified_gmt":"2023-06-21T11:32:04","slug":"froiz-medalla-al-merito-deportivo-2022","status":"publish","type":"post","link":"https:\/\/froiz.es\/gl\/froiz-medalla-al-merito-deportivo-2022\/","title":{"rendered":"Froiz, Medalla al m\u00e9rito deportivo 2022"},"content":{"rendered":"<p style=\"text-align: justify;\">La Xunta de Galicia acaba de distinguir a D. Mag\u00edn Alfredo Froiz Planes con la Medalla al M\u00e9rito deportivo 2022, a t\u00edtulo p\u00f3stumo, un reconocimiento a la labor que realiza la empresa #Froiz desde sus inicios de apoyo al deporte base, escolar y amateur.<\/p>\n<p style=\"text-align: justify;\">En esta ocasi\u00f3n, el Gobierno gallego destaca la dedicaci\u00f3n, colaboraci\u00f3n y mecenazgo -durante m\u00e1s de&nbsp;34 a\u00f1os- al equipo ciclista amateur y de ciclocr\u00f3s S\u00faper Froiz. Una andadura deportiva ininterrumpida lo que lo convierte en el equipo espa\u00f1ol de ciclismo \u00e9lite y sub-23 m\u00e1s longevo de su categor\u00eda.&nbsp;Adem\u00e1s del equipo ciclista, que es cantera de ciclismo para muchos j\u00f3venes deportistas a nivel nacional, la empresa #Froiz colabora con distintos eventos y pruebas deportivas que se organizan en aquellas zonas donde hay presencia Froiz, como vueltas ciclistas, medias maratones, y otras disciplinas como f\u00fatbol, baloncesto, tenis, vela, atletismo, p\u00e1del, nataci\u00f3n, etc.<\/p>\n<p style=\"text-align: justify;\">El acto tuvo lugar en Santiago de Compostela y cont\u00f3 con la presencia de distintas autoridades auton\u00f3micas y locales; adem\u00e1s de figuras destacadas del deporte gallego. Nuestro agradecimiento por este reconocimiento al m\u00e9rito deportivo que compartimos con todos&nbsp;los trabajadores #Froiz, grupo deportivo, amigos, proveedores y colaboradores.<\/p>\n<p style=\"text-align: justify;\">\n","protected":false},"excerpt":{"rendered":"<p>La Xunta de Galicia acaba de distinguir a D. Mag\u00edn Alfredo Froiz Planes con la Medalla al M\u00e9rito deportivo 2022, a t\u00edtulo p\u00f3stumo, un reconocimiento a la labor que realiza la empresa #Froiz desde sus inicios de apoyo al deporte base, escolar y amateur. En esta ocasi\u00f3n, el Gobierno gallego destaca la dedicaci\u00f3n, colaboraci\u00f3n y [&hellip;]<\/p>\n","protected":false},"author":1,"featured_media":25814,"comment_status":"open","ping_status":"open","sticky":false,"template":"","format":"standard","meta":{"_acf_changed":false,"footnotes":""},"categories":[15,33],"tags":[],"class_list":["post-25520","post","type-post","status-publish","format-standard","has-post-thumbnail","hentry","category-deporte","category-reconocimientos"],"acf":[],"publishpress_future_workflow_manual_trigger":{"enabledWorkflows":[]},"_links":{"self":[{"href":"https:\/\/froiz.es\/gl\/wp-json\/wp\/v2\/posts\/25520","targetHints":{"allow":["GET"]}}],"collection":[{"href":"https:\/\/froiz.es\/gl\/wp-json\/wp\/v2\/posts"}],"about":[{"href":"https:\/\/froiz.es\/gl\/wp-json\/wp\/v2\/types\/post"}],"author":[{"embeddable":true,"href":"https:\/\/froiz.es\/gl\/wp-json\/wp\/v2\/users\/1"}],"replies":[{"embeddable":true,"href":"https:\/\/froiz.es\/gl\/wp-json\/wp\/v2\/comments?post=25520"}],"version-history":[{"count":1,"href":"https:\/\/froiz.es\/gl\/wp-json\/wp\/v2\/posts\/25520\/revisions"}],"predecessor-version":[{"id":27509,"href":"https:\/\/froiz.es\/gl\/wp-json\/wp\/v2\/posts\/25520\/revisions\/27509"}],"wp:featuredmedia":[{"embeddable":true,"href":"https:\/\/froiz.es\/gl\/wp-json\/wp\/v2\/media\/25814"}],"wp:attachment":[{"href":"https:\/\/froiz.es\/gl\/wp-json\/wp\/v2\/media?parent=25520"}],"wp:term":[{"taxonomy":"category","embeddable":true,"href":"https:\/\/froiz.es\/gl\/wp-json\/wp\/v2\/categories?post=25520"},{"taxonomy":"post_tag","embeddable":true,"href":"https:\/\/froiz.es\/gl\/wp-json\/wp\/v2\/tags?post=25520"}],"curies":[{"name":"wp","href":"https:\/\/api.w.org\/{rel}","templated":true}]}}