{"id":25519,"date":"2022-09-30T10:03:09","date_gmt":"2022-09-30T08:03:09","guid":{"rendered":"https:\/\/froiz.devhub.es\/reformado-el-supermercado-froiz-de-calle-luna-valladolid\/"},"modified":"2023-06-19T14:04:09","modified_gmt":"2023-06-19T12:04:09","slug":"reformado-el-supermercado-froiz-de-calle-luna-valladolid","status":"publish","type":"post","link":"https:\/\/froiz.es\/gl\/reformado-el-supermercado-froiz-de-calle-luna-valladolid\/","title":{"rendered":"Reformado el supermercado #Froiz de calle Luna (Valladolid)"},"content":{"rendered":"<p style=\"text-align: justify;\">En #Froiz trabajamos para ofrecer a nuestros clientes calidad a los mejores precios, adem\u00e1s de variedad en frescos y marcas l\u00edderes en centros de proximidad. Como el supermercado #Froiz de calle Luna, en Valladolid, que reabre hoy sus puertas despu\u00e9s de que se hayan realizado obras de reforma y modernizaci\u00f3n de sus instalaciones.<\/p>\n<p style=\"text-align: justify;\">Con esta reforma el supermercado cuenta ahora con m\u00e1s metros lineales de fr\u00edo, por tanto, m\u00e1s surtido en este tipo de referencias, y con unas nuevas instalaciones m\u00e1s ecoeficientes.<\/p>\n<p style=\"text-align: justify;\">Las secciones de carnicer\u00eda, fruter\u00eda, panader\u00eda y pescader\u00eda conviven con los\u00a0espacios\u00a0dedicados a bodega, droguer\u00eda y alimentaci\u00f3n general; as\u00ed como los lineales de congelados y productos refrigerados. Ofrece la calidad de siempre de #Froiz, surtido y variedad a los mejores precios.<\/p>\n<p>Su horario es continuo de lunes a s\u00e1bado.\u00a0<strong>En \u00e9l trabajan 16 profesionales de la alimentaci\u00f3n.<\/strong><\/p>\n<div dir=\"auto\"><span class=\"pq6dq46d tbxw36s4 knj5qynh kvgmc6g5 ditlmg2l oygrvhab nvdbi5me sf5mxxl7 gl3lb2sf hhz5lgdu\"><img decoding=\"async\" src=\"https:\/\/static.xx.fbcdn.net\/images\/emoji.php\/v9\/td2\/2\/16\/2714.png\" alt=\"\u2714\ufe0f\" width=\"16\" height=\"16\" \/><\/span>\u00a0Horario continuo de\u00a09:00 a 21:30h.<\/div>\n<div dir=\"auto\"><span class=\"pq6dq46d tbxw36s4 knj5qynh kvgmc6g5 ditlmg2l oygrvhab nvdbi5me sf5mxxl7 gl3lb2sf hhz5lgdu\"><img decoding=\"async\" src=\"https:\/\/static.xx.fbcdn.net\/images\/emoji.php\/v9\/td2\/2\/16\/2714.png\" alt=\"\u2714\ufe0f\" width=\"16\" height=\"16\" \/><\/span>\u00a0Servicio a domicilio<\/div>\n<div dir=\"auto\"><span class=\"pq6dq46d tbxw36s4 knj5qynh kvgmc6g5 ditlmg2l oygrvhab nvdbi5me sf5mxxl7 gl3lb2sf hhz5lgdu\"><img decoding=\"async\" src=\"https:\/\/static.xx.fbcdn.net\/images\/emoji.php\/v9\/t51\/1\/16\/2714.png\" alt=\"\u2714\ufe0f\" width=\"16\" height=\"16\" \/><\/span>\u00a0Amplio surtido en marcas l\u00edderes<\/div>\n<div dir=\"auto\">\n<p><strong><a href=\"https:\/\/www.facebook.com\/hashtag\/%F0%9D%97%99%F0%9D%97%BF%F0%9D%97%BC%F0%9D%97%B6%F0%9D%98%87?__eep__=6&amp;__cft__[0]=AZX-Xli9WjZp2NRyufHkA5O6XiyXA3o5JHqh5vwyLUcPWHKPSlK7VeBC_c1HLcYBSZe9w2QY4KRR-fdLUo05f22hL82pHMW2hIEDEVglV3dZIbX68u5jIH8JJbTtpMXZcmkTf5p2y5E2SB4wDTTM2kMBHHytRw9Vys1t4hL_nooiUUkXfOav3T0cAuQIOQ6B5i4&amp;__tn__=*NK-R\" target=\"_blank\" rel=\"noopener\">#Froiz<\/a>, calidad, servicio y atenci\u00f3n.<\/strong><\/p>\n<\/div>\n<div dir=\"auto\"><a href=\"https:\/\/goo.gl\/maps\/VQppmBrHGCqeH1Zh9\" target=\"_blank\" rel=\"noopener\">https:\/\/goo.gl\/maps\/VQppmBrHGCqeH1Zh9<\/a><\/div>\n<div dir=\"auto\"><\/div>\n<div dir=\"auto\"><\/div>\n","protected":false},"excerpt":{"rendered":"<p>En #Froiz trabajamos para ofrecer a nuestros clientes calidad a los mejores precios, adem\u00e1s de variedad en frescos y marcas l\u00edderes en centros de proximidad. Como el supermercado #Froiz de calle Luna, en Valladolid, que reabre hoy sus puertas despu\u00e9s de que se hayan realizado obras de reforma y modernizaci\u00f3n de sus instalaciones. Con esta [&hellip;]<\/p>\n","protected":false},"author":1,"featured_media":25816,"comment_status":"open","ping_status":"open","sticky":false,"template":"","format":"standard","meta":{"_acf_changed":false,"footnotes":""},"categories":[31],"tags":[],"class_list":["post-25519","post","type-post","status-publish","format-standard","has-post-thumbnail","hentry","category-instalaciones"],"acf":[],"publishpress_future_workflow_manual_trigger":{"enabledWorkflows":[]},"_links":{"self":[{"href":"https:\/\/froiz.es\/gl\/wp-json\/wp\/v2\/posts\/25519","targetHints":{"allow":["GET"]}}],"collection":[{"href":"https:\/\/froiz.es\/gl\/wp-json\/wp\/v2\/posts"}],"about":[{"href":"https:\/\/froiz.es\/gl\/wp-json\/wp\/v2\/types\/post"}],"author":[{"embeddable":true,"href":"https:\/\/froiz.es\/gl\/wp-json\/wp\/v2\/users\/1"}],"replies":[{"embeddable":true,"href":"https:\/\/froiz.es\/gl\/wp-json\/wp\/v2\/comments?post=25519"}],"version-history":[{"count":0,"href":"https:\/\/froiz.es\/gl\/wp-json\/wp\/v2\/posts\/25519\/revisions"}],"wp:featuredmedia":[{"embeddable":true,"href":"https:\/\/froiz.es\/gl\/wp-json\/wp\/v2\/media\/25816"}],"wp:attachment":[{"href":"https:\/\/froiz.es\/gl\/wp-json\/wp\/v2\/media?parent=25519"}],"wp:term":[{"taxonomy":"category","embeddable":true,"href":"https:\/\/froiz.es\/gl\/wp-json\/wp\/v2\/categories?post=25519"},{"taxonomy":"post_tag","embeddable":true,"href":"https:\/\/froiz.es\/gl\/wp-json\/wp\/v2\/tags?post=25519"}],"curies":[{"name":"wp","href":"https:\/\/api.w.org\/{rel}","templated":true}]}}