{"id":25516,"date":"2022-09-16T11:28:12","date_gmt":"2022-09-16T09:28:12","guid":{"rendered":"https:\/\/froiz.devhub.es\/la-xx-vuelta-ciclista-a-galicia-elite-y-sub-23-arranca-desde-las-instalaciones-de-froiz-en-poio-pontevedra\/"},"modified":"2023-06-21T13:32:08","modified_gmt":"2023-06-21T11:32:08","slug":"la-xx-vuelta-ciclista-a-galicia-elite-y-sub-23-arranca-desde-las-instalaciones-de-froiz-en-poio-pontevedra","status":"publish","type":"post","link":"https:\/\/froiz.es\/gl\/la-xx-vuelta-ciclista-a-galicia-elite-y-sub-23-arranca-desde-las-instalaciones-de-froiz-en-poio-pontevedra\/","title":{"rendered":"La XX Vuelta ciclista a Galicia -\u00e9lite y sub-23- arranca desde las instalaciones de Froiz en Poio (Pontevedra)"},"content":{"rendered":"<div class=\"gmail_default\" style=\"text-align: justify;\">La<strong> XX Vuelta ciclista a Galicia<\/strong> en las categor\u00edas\u00a0\u00e9lite y sub-23 ha tenido este a\u00f1o su punto de\u00a0salida frente a las instalaciones de D<strong>istribuciones Froiz en Lourido, Poio (Pontevedra), como homenaje a Mag\u00edn Froiz, por su apoyo ininterrumpido al ciclismo durante m\u00e1s de 30 a\u00f1os.<\/strong><\/div>\n<div class=\"gmail_quote\">\n<div dir=\"ltr\">\n<div class=\"gmail_quote\">\n<div dir=\"ltr\">\n<div style=\"text-align: justify;\"><\/div>\n<div>\n<div class=\"gmail_default\" style=\"text-align: justify;\">El presidente de la Federaci\u00f3n gallega de ciclismo, Juan Carlos Mu\u00f1iz, entreg\u00f3 una placa, que recogieron Braulia Froiz y Jos\u00e9 Froiz, en representaci\u00f3n de la familia y tambi\u00e9n de los trabajadores del grupo. Una placa en la que se lee &#8220;A Don Mag\u00edn Froiz e familia\u00a0por tenderlle a man ao deporte e o seu coraz\u00f3n ao ciclismo&#8221;. El acto de salida\u00a0cont\u00f3 con la presencia de distintas autoridades, medios de comunicaci\u00f3n, tambi\u00e9n trabajadores Froiz de las propias instalaciones de Poio, y el cuerpo t\u00e9cnico del Grupo deportivo S\u00faper Froiz, equipo que participa en esta\u00a0edici\u00f3n, como ya es tradici\u00f3n desde hace a\u00f1os.<\/div>\n<div class=\"gmail_default\" style=\"text-align: justify;\"><\/div>\n<div class=\"gmail_default\" style=\"text-align: justify;\">La Vuelta ciclista\u00a0a Galicia 2022 consta de\u00a04 etapas de carretera y monta\u00f1a y cuenta con la participaci\u00f3n de 17 equipos y un total de 117 j\u00f3venes corredores \u00e9lite y sub-23.<\/div>\n<div class=\"gmail_default\" style=\"text-align: justify;\"><\/div>\n<div class=\"gmail_default\" style=\"text-align: justify;\">\u00a1Gracias a la <a href=\"https:\/\/fgalegaciclismo.es\/index.php\/es\/smartweb\/seccion\/seccion\/galicia\/Inicio\" target=\"_blank\" rel=\"noopener\">Federaci\u00f3n gallega de ciclismo<\/a>!<\/div>\n<div class=\"gmail_default\" style=\"text-align: justify;\">&#8212;<\/div>\n<div class=\"gmail_default\" style=\"text-align: justify;\">M\u00e1s info en\u00a0<a href=\"https:\/\/equiposuperfroiz.com\/\" target=\"_blank\" rel=\"noopener\">web<\/a><a href=\"https:\/\/equiposuperfroiz.com\/\" target=\"_blank\" rel=\"noopener\">\/<\/a><a href=\"https:\/\/www.facebook.com\/superfroiz\" target=\"_blank\" rel=\"noopener\">Facebook<\/a>\u00a0\/\u00a0<a href=\"https:\/\/www.instagram.com\/superfroiz\/?hl=es\" target=\"_blank\" rel=\"noopener\">INSTAGRAM<\/a><\/div>\n<\/div>\n<div><\/div>\n<\/div>\n<\/div>\n<\/div>\n<\/div>\n","protected":false},"excerpt":{"rendered":"<p>La XX Vuelta ciclista a Galicia en las categor\u00edas\u00a0\u00e9lite y sub-23 ha tenido este a\u00f1o su punto de\u00a0salida frente a las instalaciones de Distribuciones Froiz en Lourido, Poio (Pontevedra), como homenaje a Mag\u00edn Froiz, por su apoyo ininterrumpido al ciclismo durante m\u00e1s de 30 a\u00f1os. El presidente de la Federaci\u00f3n gallega de ciclismo, Juan Carlos [&hellip;]<\/p>\n","protected":false},"author":1,"featured_media":25822,"comment_status":"open","ping_status":"open","sticky":false,"template":"","format":"standard","meta":{"_acf_changed":false,"footnotes":""},"categories":[15,33],"tags":[],"class_list":["post-25516","post","type-post","status-publish","format-standard","has-post-thumbnail","hentry","category-deporte","category-reconocimientos"],"acf":[],"publishpress_future_workflow_manual_trigger":{"enabledWorkflows":[]},"_links":{"self":[{"href":"https:\/\/froiz.es\/gl\/wp-json\/wp\/v2\/posts\/25516","targetHints":{"allow":["GET"]}}],"collection":[{"href":"https:\/\/froiz.es\/gl\/wp-json\/wp\/v2\/posts"}],"about":[{"href":"https:\/\/froiz.es\/gl\/wp-json\/wp\/v2\/types\/post"}],"author":[{"embeddable":true,"href":"https:\/\/froiz.es\/gl\/wp-json\/wp\/v2\/users\/1"}],"replies":[{"embeddable":true,"href":"https:\/\/froiz.es\/gl\/wp-json\/wp\/v2\/comments?post=25516"}],"version-history":[{"count":1,"href":"https:\/\/froiz.es\/gl\/wp-json\/wp\/v2\/posts\/25516\/revisions"}],"predecessor-version":[{"id":27510,"href":"https:\/\/froiz.es\/gl\/wp-json\/wp\/v2\/posts\/25516\/revisions\/27510"}],"wp:featuredmedia":[{"embeddable":true,"href":"https:\/\/froiz.es\/gl\/wp-json\/wp\/v2\/media\/25822"}],"wp:attachment":[{"href":"https:\/\/froiz.es\/gl\/wp-json\/wp\/v2\/media?parent=25516"}],"wp:term":[{"taxonomy":"category","embeddable":true,"href":"https:\/\/froiz.es\/gl\/wp-json\/wp\/v2\/categories?post=25516"},{"taxonomy":"post_tag","embeddable":true,"href":"https:\/\/froiz.es\/gl\/wp-json\/wp\/v2\/tags?post=25516"}],"curies":[{"name":"wp","href":"https:\/\/api.w.org\/{rel}","templated":true}]}}