{"id":25513,"date":"2022-09-05T16:45:01","date_gmt":"2022-09-05T14:45:01","guid":{"rendered":"https:\/\/froiz.devhub.es\/el-grupo-froiz-recibe-el-premio-cebola-de-ouro\/"},"modified":"2023-06-19T13:16:46","modified_gmt":"2023-06-19T11:16:46","slug":"el-grupo-froiz-recibe-el-premio-cebola-de-ouro","status":"publish","type":"post","link":"https:\/\/froiz.es\/gl\/el-grupo-froiz-recibe-el-premio-cebola-de-ouro\/","title":{"rendered":"El Grupo Froiz recibe el premio cebola de ouro"},"content":{"rendered":"<p>El Grupo Froiz\u00a0ha sido galardonado con el Premio Cebola de Ouro en Sanxenxo que se celebra como reconocimiento a la trayectoria profesional de personas vinculadas al municipio.<\/p>\n<p>La empresa cuenta con presencia en\u00a0Sanxenxo desde hace m\u00e1s de 30 a\u00f1os y como afirm\u00f3 Jos\u00e9 Froiz &#8220;la intenci\u00f3n es de seguir invirtiendo en la zona, modernizando las tiendas, siendo m\u00e1s eficientes y sostenibles, intentando siempre dar el mejor servicio y atenci\u00f3n, la m\u00e1xima calidad al mejor precio, para lo que contamos con un gran equipo.&#8221;<\/p>\n<p>Los actos comenzaron con\u00a0 Telmo Mart\u00edn y la concejala de Cultura, Paz Lago, que recib\u00edan a los premiados de esta edici\u00f3n con la Cebola de Ouro,<strong>\u00a0<\/strong>la vecina de 93 a\u00f1os Pilar Leiro y Jos\u00e9 Froiz, en representaci\u00f3n del Grupo. Adem\u00e1s, el alcalde\u00a0destacaba que los premiados de\u00a0 este a\u00f1o ofrecen valores como el compromiso, la dedicaci\u00f3n a la familia y una gran capacidad de trabajo.<\/p>\n<p>El acto, celebrado en el aparcamiento de Nauta, se abarrot\u00f3 y\u00a0 fue todo un \u00e9xito<\/p>\n<p>\u00a1Gracias a\u00a0Sanxenxo por este galard\u00f3n!<\/p>\n<p>&nbsp;<\/p>\n\n<p>&nbsp;<\/p>\n<p>&nbsp;<\/p>\n<p>&nbsp;<\/p>\n<p>&nbsp;<\/p>\n<p>&nbsp;<\/p>\n<p>&nbsp;<\/p>\n<p>&nbsp;<\/p>\n<p>&nbsp;<\/p>\n<p>.<\/p>\n","protected":false},"excerpt":{"rendered":"<p>El Grupo Froiz\u00a0ha sido galardonado con el Premio Cebola de Ouro en Sanxenxo que se celebra como reconocimiento a la trayectoria profesional de personas vinculadas al municipio. La empresa cuenta con presencia en\u00a0Sanxenxo desde hace m\u00e1s de 30 a\u00f1os y como afirm\u00f3 Jos\u00e9 Froiz &#8220;la intenci\u00f3n es de seguir invirtiendo en la zona, modernizando las [&hellip;]<\/p>\n","protected":false},"author":1,"featured_media":7627,"comment_status":"open","ping_status":"open","sticky":false,"template":"","format":"standard","meta":{"_acf_changed":false,"footnotes":""},"categories":[33],"tags":[],"class_list":["post-25513","post","type-post","status-publish","format-standard","has-post-thumbnail","hentry","category-reconocimientos"],"acf":[],"publishpress_future_workflow_manual_trigger":{"enabledWorkflows":[]},"_links":{"self":[{"href":"https:\/\/froiz.es\/gl\/wp-json\/wp\/v2\/posts\/25513","targetHints":{"allow":["GET"]}}],"collection":[{"href":"https:\/\/froiz.es\/gl\/wp-json\/wp\/v2\/posts"}],"about":[{"href":"https:\/\/froiz.es\/gl\/wp-json\/wp\/v2\/types\/post"}],"author":[{"embeddable":true,"href":"https:\/\/froiz.es\/gl\/wp-json\/wp\/v2\/users\/1"}],"replies":[{"embeddable":true,"href":"https:\/\/froiz.es\/gl\/wp-json\/wp\/v2\/comments?post=25513"}],"version-history":[{"count":0,"href":"https:\/\/froiz.es\/gl\/wp-json\/wp\/v2\/posts\/25513\/revisions"}],"wp:featuredmedia":[{"embeddable":true,"href":"https:\/\/froiz.es\/gl\/wp-json\/wp\/v2\/media\/7627"}],"wp:attachment":[{"href":"https:\/\/froiz.es\/gl\/wp-json\/wp\/v2\/media?parent=25513"}],"wp:term":[{"taxonomy":"category","embeddable":true,"href":"https:\/\/froiz.es\/gl\/wp-json\/wp\/v2\/categories?post=25513"},{"taxonomy":"post_tag","embeddable":true,"href":"https:\/\/froiz.es\/gl\/wp-json\/wp\/v2\/tags?post=25513"}],"curies":[{"name":"wp","href":"https:\/\/api.w.org\/{rel}","templated":true}]}}