{"id":25506,"date":"2022-06-28T10:40:32","date_gmt":"2022-06-28T08:40:32","guid":{"rendered":"https:\/\/froiz.devhub.es\/envases-mas-sostenibles-en-los-jamones-serranos-froiz\/"},"modified":"2023-06-19T13:16:45","modified_gmt":"2023-06-19T11:16:45","slug":"envases-mas-sostenibles-en-los-jamones-serranos-froiz","status":"publish","type":"post","link":"https:\/\/froiz.es\/gl\/envases-mas-sostenibles-en-los-jamones-serranos-froiz\/","title":{"rendered":"Envases m\u00e1s sostenibles en los jamones serranos Froiz"},"content":{"rendered":"<p style=\"text-align: justify;\"><span style=\"font-weight: 400;\">En #Froiz estamos colaborando con los fabricantes de nuestra marca para incorporar envases m\u00e1s eficientes. Para ello, se aplican medidas de sostenibilidad <strong>\u267b\ufe0f\u267b\ufe0f <\/strong>como son la reducci\u00f3n del porcentaje de pl\u00e1stico o se incorporan pl\u00e1sticos biodegradables o con papel certificado FSC. <\/span><span style=\"font-weight: 400;\">Un esfuerzo conjunto entre proveedores y nuestra marca que ya se materializa en distintas referencias que se comercializan en todos los <strong>establecimientos Froiz: supermercados, hipermercados, cash&amp;carry y tienda online.\u00a0<\/strong><\/span><\/p>\n<p style=\"text-align: justify;\">Es\u00a0el caso concreto del fabricante <a href=\"https:\/\/www.coren.es\/promo-selecta\/\" target=\"_blank\" rel=\"noopener\">Coren<\/a>, las referencias de jam\u00f3n serrano\u00a0<span style=\"font-weight: 400;\">reserva, finas lonchas y medias lonchas que nos elaboran ya cuentan con envases que son 100% reciclables y que incorporan m\u00e1s de un 40% de material reciclado en el film exterior, lo que supone un ahorro en pl\u00e1stico virgen de 6.616 kilos al a\u00f1o.\u00a0<\/span><\/p>\n<p style=\"text-align: justify;\"><span style=\"font-weight: 400;\">Para la realizaci\u00f3n de este proceso tenemos siempre presentes medidas de sostenibilidad <strong>\u267b\ufe0f\u267b\ufe0f<\/strong>, reciclabilidad y la cantidad m\u00ednima necesaria para cumplir su funci\u00f3n como envase.\u00a0<\/span><\/p>\n","protected":false},"excerpt":{"rendered":"<p>En #Froiz estamos colaborando con los fabricantes de nuestra marca para incorporar envases m\u00e1s eficientes. Para ello, se aplican medidas de sostenibilidad \u267b\ufe0f\u267b\ufe0f como son la reducci\u00f3n del porcentaje de pl\u00e1stico o se incorporan pl\u00e1sticos biodegradables o con papel certificado FSC. Un esfuerzo conjunto entre proveedores y nuestra marca que ya se materializa en distintas [&hellip;]<\/p>\n","protected":false},"author":1,"featured_media":25507,"comment_status":"open","ping_status":"open","sticky":false,"template":"","format":"standard","meta":{"_acf_changed":false,"footnotes":""},"categories":[14],"tags":[],"class_list":["post-25506","post","type-post","status-publish","format-standard","has-post-thumbnail","hentry","category-sostenibilidad"],"acf":[],"publishpress_future_workflow_manual_trigger":{"enabledWorkflows":[]},"_links":{"self":[{"href":"https:\/\/froiz.es\/gl\/wp-json\/wp\/v2\/posts\/25506","targetHints":{"allow":["GET"]}}],"collection":[{"href":"https:\/\/froiz.es\/gl\/wp-json\/wp\/v2\/posts"}],"about":[{"href":"https:\/\/froiz.es\/gl\/wp-json\/wp\/v2\/types\/post"}],"author":[{"embeddable":true,"href":"https:\/\/froiz.es\/gl\/wp-json\/wp\/v2\/users\/1"}],"replies":[{"embeddable":true,"href":"https:\/\/froiz.es\/gl\/wp-json\/wp\/v2\/comments?post=25506"}],"version-history":[{"count":0,"href":"https:\/\/froiz.es\/gl\/wp-json\/wp\/v2\/posts\/25506\/revisions"}],"wp:featuredmedia":[{"embeddable":true,"href":"https:\/\/froiz.es\/gl\/wp-json\/wp\/v2\/media\/25507"}],"wp:attachment":[{"href":"https:\/\/froiz.es\/gl\/wp-json\/wp\/v2\/media?parent=25506"}],"wp:term":[{"taxonomy":"category","embeddable":true,"href":"https:\/\/froiz.es\/gl\/wp-json\/wp\/v2\/categories?post=25506"},{"taxonomy":"post_tag","embeddable":true,"href":"https:\/\/froiz.es\/gl\/wp-json\/wp\/v2\/tags?post=25506"}],"curies":[{"name":"wp","href":"https:\/\/api.w.org\/{rel}","templated":true}]}}