{"id":25504,"date":"2022-06-08T10:32:30","date_gmt":"2022-06-08T08:32:30","guid":{"rendered":"https:\/\/froiz.devhub.es\/el-grupo-deportivo-super-froiz-premio-pontevedreses-del-ano-2022\/"},"modified":"2023-06-19T13:16:45","modified_gmt":"2023-06-19T11:16:45","slug":"el-grupo-deportivo-super-froiz-premio-pontevedreses-del-ano-2022","status":"publish","type":"post","link":"https:\/\/froiz.es\/gl\/el-grupo-deportivo-super-froiz-premio-pontevedreses-del-ano-2022\/","title":{"rendered":"El Grupo Deportivo S\u00faper Froiz, premio Pontevedreses del A\u00f1o 2022"},"content":{"rendered":"<p style=\"text-align: justify;\">El <a href=\"https:\/\/equiposuperfroiz.com\/\" target=\"_blank\" rel=\"noopener\">Grupo Deportivo S\u00faperFroiz<\/a> ha sido galardonado con el Premio XV Pontevedreses del A\u00f1o en el \u00e1mbito del deporte 2022 por el peri\u00f3dico Diario de Pontevedra, Grupo El Progreso.<\/p>\n<p style=\"text-align: justify;\">Estos premios se celebran con car\u00e1cter anual y reconocen el m\u00e9rito de personas y organizaciones de la ciudad de Pontevedra que han destacado por su labor durante el \u00faltimo a\u00f1o o por toda su trayectoria profesional. Es el caso del equipo ciclista Froiz, que destaca por sus 34 a\u00f1os de actividad deportiva y que es\u00a0cantera de j\u00f3venes promesas del ciclismo espa\u00f1ol en las categor\u00edas Elite y Sub-23; y desde el a\u00f1o 2021, cuenta\u00a0con dos equipos: uno de carretera y otro de ciclocr\u00f3s masculino y femenino.<\/p>\n<p style=\"text-align: justify;\">El <a href=\"https:\/\/equiposuperfroiz.com\/\" target=\"_blank\" rel=\"noopener\">Grupo Deportivo S\u00faperFroiz <\/a>ha liderado el ranking nacional por equipos durante 7 a\u00f1os consecutivos y es el equipo amateur espa\u00f1ol m\u00e1s laureado de la historia con m\u00e1s de 100 corredores que han pasado al ciclismo profesional desde sus filas. Adem\u00e1s, la empresa <strong>Froiz<\/strong> es\u00a0la marca comercial espa\u00f1ola m\u00e1s longeva en el apoyo ininterrumpido a un equipo de ciclismo aficionado.<\/p>\n<p style=\"text-align: justify;\">El premio fue recogido por el director deportivo del equipo: Evaristo Portela. Y en el escenario lo acompa\u00f1aron Ana Portela, actual directora del equipo de ciclocr\u00f3s y Aroa Otero, ganadora de la Copa de Espa\u00f1a de BTT.<\/p>\n<p style=\"text-align: justify;\">El acto estuvo presidido por diferentes autoridades locales, provinciales y auton\u00f3micas. Adem\u00e1s de la c\u00fapula directiva del medio de comunicaci\u00f3n.<\/p>\n<p style=\"text-align: justify;\">\u00a1Gracias al Diario de Pontevedra, Grupo El Progreso, por este galard\u00f3n!<\/p>\n\n<p>&nbsp;<\/p>\n<p>&nbsp;<\/p>\n","protected":false},"excerpt":{"rendered":"<p>El Grupo Deportivo S\u00faperFroiz ha sido galardonado con el Premio XV Pontevedreses del A\u00f1o en el \u00e1mbito del deporte 2022 por el peri\u00f3dico Diario de Pontevedra, Grupo El Progreso. Estos premios se celebran con car\u00e1cter anual y reconocen el m\u00e9rito de personas y organizaciones de la ciudad de Pontevedra que han destacado por su labor [&hellip;]<\/p>\n","protected":false},"author":1,"featured_media":25505,"comment_status":"open","ping_status":"open","sticky":false,"template":"","format":"standard","meta":{"_acf_changed":false,"footnotes":""},"categories":[33],"tags":[],"class_list":["post-25504","post","type-post","status-publish","format-standard","has-post-thumbnail","hentry","category-reconocimientos"],"acf":[],"publishpress_future_workflow_manual_trigger":{"enabledWorkflows":[]},"_links":{"self":[{"href":"https:\/\/froiz.es\/gl\/wp-json\/wp\/v2\/posts\/25504","targetHints":{"allow":["GET"]}}],"collection":[{"href":"https:\/\/froiz.es\/gl\/wp-json\/wp\/v2\/posts"}],"about":[{"href":"https:\/\/froiz.es\/gl\/wp-json\/wp\/v2\/types\/post"}],"author":[{"embeddable":true,"href":"https:\/\/froiz.es\/gl\/wp-json\/wp\/v2\/users\/1"}],"replies":[{"embeddable":true,"href":"https:\/\/froiz.es\/gl\/wp-json\/wp\/v2\/comments?post=25504"}],"version-history":[{"count":0,"href":"https:\/\/froiz.es\/gl\/wp-json\/wp\/v2\/posts\/25504\/revisions"}],"wp:featuredmedia":[{"embeddable":true,"href":"https:\/\/froiz.es\/gl\/wp-json\/wp\/v2\/media\/25505"}],"wp:attachment":[{"href":"https:\/\/froiz.es\/gl\/wp-json\/wp\/v2\/media?parent=25504"}],"wp:term":[{"taxonomy":"category","embeddable":true,"href":"https:\/\/froiz.es\/gl\/wp-json\/wp\/v2\/categories?post=25504"},{"taxonomy":"post_tag","embeddable":true,"href":"https:\/\/froiz.es\/gl\/wp-json\/wp\/v2\/tags?post=25504"}],"curies":[{"name":"wp","href":"https:\/\/api.w.org\/{rel}","templated":true}]}}