{"id":25501,"date":"2022-05-03T11:59:28","date_gmt":"2022-05-03T09:59:28","guid":{"rendered":"https:\/\/froiz.devhub.es\/el-388-de-la-energia-que-consume-la-empresa-en-su-conjunto-procede-de-fuentes-renovables\/"},"modified":"2023-06-19T13:16:45","modified_gmt":"2023-06-19T11:16:45","slug":"el-388-de-la-energia-que-consume-la-empresa-en-su-conjunto-procede-de-fuentes-renovables","status":"publish","type":"post","link":"https:\/\/froiz.es\/gl\/el-388-de-la-energia-que-consume-la-empresa-en-su-conjunto-procede-de-fuentes-renovables\/","title":{"rendered":"El 38,8% de la energ\u00eda que consume la empresa, en su conjunto, procede de fuentes renovables"},"content":{"rendered":"<p style=\"text-align: justify;\"><strong>La empresa #Froiz apuesta por las energ\u00edas \u267b\ufe0f\u267b\ufe0frenovables y el autoconsumo<\/strong>. En la actualidad contamos con m\u00e1s de 5.230 metros cuadrados de paneles solares fotovoltaicos de \u00faltima generaci\u00f3n. Son m\u00f3dulos de alta eficiencia y rendimiento que permiten el autoconsumo y el ahorro energ\u00e9tico. Estos paneles est\u00e1n ubicados en las plataformas log\u00edsticas de Froiz Mar (nave desde donde se centralizan y distribuyen los pedidos de pescado y marisco fresco), la nave de Froiz Congelados (dedicada al almacenamiento de productos de fr\u00edo negativo) y en un hipermercado Hiper Froiz.<\/p>\n<p style=\"text-align: justify;\">Adem\u00e1s, la empresa suministradora de la energ\u00eda el\u00e9ctrica que consumimos en todas las instalaciones y establecimientos del grupo, ha certificado que en el a\u00f1o 2021 el<strong> 38,8% de la electricidad consumida procede de fuentes renovables, y supuso con respecto al 2020 un incremento del 8%.<\/strong><br \/>\nEstas medidas se enmarcan dentro del sistema de <span style=\"text-decoration: underline;\"><strong>gesti\u00f3n de sostenibilidad<\/strong><\/span> que la empresa lleva desarrollando desde hace tiempo en todo su conjunto, y donde tambi\u00e9n se encuentran:<\/p>\n<ul>\n<li style=\"text-align: justify;\">La realizaci\u00f3n de log\u00edstica inversa con la optimizaci\u00f3n<span style=\"font-weight: 400;\">\u00a0de las rutas, horarios y\u00a0capacidad de los camiones aprovechando los retornos para la carga de mercanc\u00edas.\u00a0<\/span><\/li>\n<li style=\"text-align: justify;\">La eficiencia energ\u00e9tica en los locales comerciales en el acondicionamiento, la iluminaci\u00f3n y la climatizaci\u00f3n de las instalaciones.<\/li>\n<li style=\"text-align: justify;\">Instalaci\u00f3n de iluminaci\u00f3n Led y sensores de presencia en vestuarios y almacenes para evitar que las luces est\u00e9n permanentemente encendidas.<\/li>\n<li style=\"text-align: justify;\"><span style=\"font-weight: 400;\">Muebles de fr\u00edo positivo y negativo con puertas que permiten mantener de forma \u00f3ptima la cadena de fr\u00edo, sin dificultar la visibilidad y permitiendo una buena accesibilidad a los productos.<\/span><\/li>\n<li style=\"text-align: justify;\">La gesti\u00f3n de los residuos generados. Se reutilizan los pal\u00e9s de madera y pl\u00e1stico; y se env\u00edan a reciclar cart\u00f3n, pl\u00e1stico y cajas poliestireno expandido.<\/li>\n<li style=\"text-align: justify;\">La renovaci\u00f3n de la flota, apostando por modelos m\u00e1s eficientes energ\u00e9ticamente.<\/li>\n<li style=\"text-align: justify;\">Instalaci\u00f3n de puntos de carga de coches el\u00e9ctricos.<\/li>\n<li style=\"text-align: justify;\">La adquisici\u00f3n de furgonetas el\u00e9ctricas para el reparto de env\u00edos a domicilio.<\/li>\n<li style=\"text-align: justify;\">El uso de envases y embalajes m\u00e1s sostenibles, eliminando los pl\u00e1sticos de un solo uso o los films exteriores en la paletizaci\u00f3n.<\/li>\n<li style=\"text-align: justify;\"><b>Venta de productos frescos de kil\u00f3metro cero<\/b><span style=\"font-weight: 400;\"> a disposici\u00f3n del cliente en tan s\u00f3lo 24-48 horas, reduciendo la huella de carbono.\u00a0<\/span><\/li>\n<\/ul>\n","protected":false},"excerpt":{"rendered":"<p>La empresa #Froiz apuesta por las energ\u00edas \u267b\ufe0f\u267b\ufe0frenovables y el autoconsumo. En la actualidad contamos con m\u00e1s de 5.230 metros cuadrados de paneles solares fotovoltaicos de \u00faltima generaci\u00f3n. Son m\u00f3dulos de alta eficiencia y rendimiento que permiten el autoconsumo y el ahorro energ\u00e9tico. Estos paneles est\u00e1n ubicados en las plataformas log\u00edsticas de Froiz Mar (nave [&hellip;]<\/p>\n","protected":false},"author":1,"featured_media":6295,"comment_status":"open","ping_status":"open","sticky":false,"template":"","format":"standard","meta":{"_acf_changed":false,"footnotes":""},"categories":[14],"tags":[],"class_list":["post-25501","post","type-post","status-publish","format-standard","has-post-thumbnail","hentry","category-sostenibilidad"],"acf":[],"publishpress_future_workflow_manual_trigger":{"enabledWorkflows":[]},"_links":{"self":[{"href":"https:\/\/froiz.es\/gl\/wp-json\/wp\/v2\/posts\/25501","targetHints":{"allow":["GET"]}}],"collection":[{"href":"https:\/\/froiz.es\/gl\/wp-json\/wp\/v2\/posts"}],"about":[{"href":"https:\/\/froiz.es\/gl\/wp-json\/wp\/v2\/types\/post"}],"author":[{"embeddable":true,"href":"https:\/\/froiz.es\/gl\/wp-json\/wp\/v2\/users\/1"}],"replies":[{"embeddable":true,"href":"https:\/\/froiz.es\/gl\/wp-json\/wp\/v2\/comments?post=25501"}],"version-history":[{"count":0,"href":"https:\/\/froiz.es\/gl\/wp-json\/wp\/v2\/posts\/25501\/revisions"}],"wp:featuredmedia":[{"embeddable":true,"href":"https:\/\/froiz.es\/gl\/wp-json\/wp\/v2\/media\/6295"}],"wp:attachment":[{"href":"https:\/\/froiz.es\/gl\/wp-json\/wp\/v2\/media?parent=25501"}],"wp:term":[{"taxonomy":"category","embeddable":true,"href":"https:\/\/froiz.es\/gl\/wp-json\/wp\/v2\/categories?post=25501"},{"taxonomy":"post_tag","embeddable":true,"href":"https:\/\/froiz.es\/gl\/wp-json\/wp\/v2\/tags?post=25501"}],"curies":[{"name":"wp","href":"https:\/\/api.w.org\/{rel}","templated":true}]}}