{"id":25500,"date":"2022-04-22T10:26:39","date_gmt":"2022-04-22T08:26:39","guid":{"rendered":"https:\/\/froiz.devhub.es\/nueva-temporada-deportiva-para-el-grupo-deportivo-super-froiz\/"},"modified":"2023-06-19T13:16:43","modified_gmt":"2023-06-19T11:16:43","slug":"nueva-temporada-deportiva-para-el-grupo-deportivo-super-froiz","status":"publish","type":"post","link":"https:\/\/froiz.es\/gl\/nueva-temporada-deportiva-para-el-grupo-deportivo-super-froiz\/","title":{"rendered":"Nueva temporada deportiva para el Grupo Deportivo S\u00faper Froiz"},"content":{"rendered":"<p style=\"text-align: justify;\"><strong>El Grupo Deportivo S\u00faper Froiz ha presentado la nueva temporada deportiva<\/strong> de sus dos equipos, el de carretera y el de ciclocr\u00f3s, de ciclismo amateur formados por j\u00f3venes corredores: chicos y chicas amantes de este deporte.\u00a0El equipo de ciclocr\u00f3s que ya lleva una temporada deportiva en activo. Est\u00e1 dirigido por Ana Portela y cuenta con 6 corredores: 3 chicos y 3 chicas. La escuadra de carretera est\u00e1 formada por 13 deportistas y tambi\u00e9n incorpora este a\u00f1o entre sus filas a dos chicas. El cuerpo t\u00e9cnico est\u00e1 capitaneado, un a\u00f1o m\u00e1s, por Evaristo Portela.<\/p>\n<p style=\"text-align: justify;\">Como en a\u00f1os anteriores, el equipo disputar\u00e1 esta temporada pruebas ya cl\u00e1sicas -en las\u00a0categor\u00edas \u00e9lite y sub 23- como son la\u00a0Copa de Espa\u00f1a y las tradicionales Vuelta a Toledo, Zamora, Galicia y el Memorial Valenciaga.<\/p>\n<p style=\"text-align: justify;\">El equipo ciclista S\u00faper Froiz hace este a\u00f1o 34 a\u00f1os de andadura deportiva ininterrumpida lo que lo convierte en el equipo espa\u00f1ol de ciclismo amateur m\u00e1s longevo de su categor\u00eda. El acto tuvo lugar en Poio (Pontevedra) y cont\u00f3 con la presencia de los representantes pol\u00edticos de distintas instituciones que han apoyado un a\u00f1o m\u00e1s\u00a0al equipo, de las marcas patrocinadoras, amigos, colaboradores y referentes del mundo del ciclismo como Abel Maceira.\u00a0<b>Hace 25 a\u00f1os, Maceira daba al Froiz su \u00faltimo campeonato de Espa\u00f1a de ciclocr\u00f3s. Una disciplina que desde el a\u00f1o 2021 se ha retomado\u00a0con la incorporaci\u00f3n de 6 j\u00f3venes corredores.\u00a0<\/b><\/p>\n<p style=\"text-align: justify;\">\u00a1Mucha suerte equipo!<\/p>\n<p style=\"text-align: justify;\">M\u00e1s info en\u00a0<a href=\"https:\/\/equiposuperfroiz.com\/\" target=\"_blank\" rel=\"noopener\">web<\/a>\u00a0<a href=\"https:\/\/equiposuperfroiz.com\/\" target=\"_blank\" rel=\"noopener\">\/<\/a>\u00a0<a href=\"https:\/\/www.facebook.com\/superfroiz\" target=\"_blank\" rel=\"noopener\">Facebook<\/a>\u00a0\/\u00a0<a href=\"https:\/\/www.instagram.com\/superfroiz\/?hl=es\" target=\"_blank\" rel=\"noopener\">INSTAGRAM<\/a><\/p>\n\n<div class=\"bx-wrapper\"><\/div>\n","protected":false},"excerpt":{"rendered":"<p>El Grupo Deportivo S\u00faper Froiz ha presentado la nueva temporada deportiva de sus dos equipos, el de carretera y el de ciclocr\u00f3s, de ciclismo amateur formados por j\u00f3venes corredores: chicos y chicas amantes de este deporte.\u00a0El equipo de ciclocr\u00f3s que ya lleva una temporada deportiva en activo. Est\u00e1 dirigido por Ana Portela y cuenta con [&hellip;]<\/p>\n","protected":false},"author":1,"featured_media":25723,"comment_status":"open","ping_status":"open","sticky":false,"template":"","format":"standard","meta":{"_acf_changed":false,"footnotes":""},"categories":[15],"tags":[],"class_list":["post-25500","post","type-post","status-publish","format-standard","has-post-thumbnail","hentry","category-deporte"],"acf":[],"publishpress_future_workflow_manual_trigger":{"enabledWorkflows":[]},"_links":{"self":[{"href":"https:\/\/froiz.es\/gl\/wp-json\/wp\/v2\/posts\/25500","targetHints":{"allow":["GET"]}}],"collection":[{"href":"https:\/\/froiz.es\/gl\/wp-json\/wp\/v2\/posts"}],"about":[{"href":"https:\/\/froiz.es\/gl\/wp-json\/wp\/v2\/types\/post"}],"author":[{"embeddable":true,"href":"https:\/\/froiz.es\/gl\/wp-json\/wp\/v2\/users\/1"}],"replies":[{"embeddable":true,"href":"https:\/\/froiz.es\/gl\/wp-json\/wp\/v2\/comments?post=25500"}],"version-history":[{"count":0,"href":"https:\/\/froiz.es\/gl\/wp-json\/wp\/v2\/posts\/25500\/revisions"}],"wp:featuredmedia":[{"embeddable":true,"href":"https:\/\/froiz.es\/gl\/wp-json\/wp\/v2\/media\/25723"}],"wp:attachment":[{"href":"https:\/\/froiz.es\/gl\/wp-json\/wp\/v2\/media?parent=25500"}],"wp:term":[{"taxonomy":"category","embeddable":true,"href":"https:\/\/froiz.es\/gl\/wp-json\/wp\/v2\/categories?post=25500"},{"taxonomy":"post_tag","embeddable":true,"href":"https:\/\/froiz.es\/gl\/wp-json\/wp\/v2\/tags?post=25500"}],"curies":[{"name":"wp","href":"https:\/\/api.w.org\/{rel}","templated":true}]}}