{"id":25499,"date":"2022-04-11T16:22:49","date_gmt":"2022-04-11T14:22:49","guid":{"rendered":"https:\/\/froiz.devhub.es\/los-zumos-froiz-ya-utilizan-un-58-menos-de-plastico\/"},"modified":"2023-06-19T13:16:43","modified_gmt":"2023-06-19T11:16:43","slug":"los-zumos-froiz-ya-utilizan-un-58-menos-de-plastico","status":"publish","type":"post","link":"https:\/\/froiz.es\/gl\/los-zumos-froiz-ya-utilizan-un-58-menos-de-plastico\/","title":{"rendered":"Los zumos Froiz ya utilizan un 58% menos de pl\u00e1stico"},"content":{"rendered":"<p style=\"text-align: justify;\">En #Froiz seguimos trabajando en\u00a0acciones de sostenibilidad\u00a0\u267b\ufe0f\u267b\ufe0f\u00a0con el objetivo de\u00a0reducir el consumo de pl\u00e1stico\u00a0y minimizar su impacto medioambiental. En este contexto, estamos ya desarrollando con las marcas fabricantes de la marca Froiz nuevos\u00a0envases y embalajes m\u00e1s sostenibles\u00a0para los productos de nuestra marca.<\/p>\n<p style=\"text-align: justify;\">En colaboraci\u00f3n con la empresa<strong> Juver Alimentaci\u00f3n<\/strong>, que fabrica y envasa los zumos y n\u00e9ctares #Froiz en los formatos tetra y cristal, hemos puesto en marcha en el a\u00f1o 2021 distintas acciones- tanto durante el proceso de paletizaci\u00f3n como en los envases comerciales- lo que ha permitido reducir el consumo de material virgen en un <strong>58%, lo que supone un ahorro de 8.734 kilos de pl\u00e1stico al a\u00f1o.<\/strong><\/p>\n<ol>\n<li style=\"text-align: justify;\">El retr\u00e1ctil de pl\u00e1stico que se utiliza en el almacenaje de los n\u00e9ctares Froiz, formato cristal\u00a01 litro, utiliza un 50% de material reciclado.<\/li>\n<li style=\"text-align: justify;\">En el formato minibrik adem\u00e1s se ha eliminado ese retr\u00e1ctil pl\u00e1stico de las bandejas.<\/li>\n<li style=\"text-align: justify;\">Adem\u00e1s, estos mismos zumos en formato minibrik ya no llevan pajita de pl\u00e1stico. \u00c9sta se ha sustituido por pajita de papel.<\/li>\n<li style=\"text-align: justify;\">Y en la paletizaci\u00f3n de todos los formatos de zumos y n\u00e9ctares se ha reducido un 25% el material pl\u00e1stico\u00a0de film estirable.<\/li>\n<\/ol>\n<p style=\"text-align: justify;\">Adem\u00e1s, la empresa mantiene una pol\u00edtica activa de sensibilizaci\u00f3n y concienciaci\u00f3n de todos los trabajadores sobre la importancia del reciclado de residuos y la reutilizaci\u00f3n de materiales. Ver m\u00e1s infornaci\u00f3n sobre las cifras de reciclado en este <a href=\"https:\/\/www.froiz.com\/lo-que-reciclamos-en-froiz-en-el-ano-2021\/\" target=\"_blank\" rel=\"noopener\">link.\u00a0<\/a><\/p>\n","protected":false},"excerpt":{"rendered":"<p>En #Froiz seguimos trabajando en\u00a0acciones de sostenibilidad\u00a0\u267b\ufe0f\u267b\ufe0f\u00a0con el objetivo de\u00a0reducir el consumo de pl\u00e1stico\u00a0y minimizar su impacto medioambiental. En este contexto, estamos ya desarrollando con las marcas fabricantes de la marca Froiz nuevos\u00a0envases y embalajes m\u00e1s sostenibles\u00a0para los productos de nuestra marca. En colaboraci\u00f3n con la empresa Juver Alimentaci\u00f3n, que fabrica y envasa los zumos [&hellip;]<\/p>\n","protected":false},"author":1,"featured_media":25721,"comment_status":"open","ping_status":"open","sticky":false,"template":"","format":"standard","meta":{"_acf_changed":false,"footnotes":""},"categories":[14],"tags":[],"class_list":["post-25499","post","type-post","status-publish","format-standard","has-post-thumbnail","hentry","category-sostenibilidad"],"acf":[],"publishpress_future_workflow_manual_trigger":{"enabledWorkflows":[]},"_links":{"self":[{"href":"https:\/\/froiz.es\/gl\/wp-json\/wp\/v2\/posts\/25499","targetHints":{"allow":["GET"]}}],"collection":[{"href":"https:\/\/froiz.es\/gl\/wp-json\/wp\/v2\/posts"}],"about":[{"href":"https:\/\/froiz.es\/gl\/wp-json\/wp\/v2\/types\/post"}],"author":[{"embeddable":true,"href":"https:\/\/froiz.es\/gl\/wp-json\/wp\/v2\/users\/1"}],"replies":[{"embeddable":true,"href":"https:\/\/froiz.es\/gl\/wp-json\/wp\/v2\/comments?post=25499"}],"version-history":[{"count":0,"href":"https:\/\/froiz.es\/gl\/wp-json\/wp\/v2\/posts\/25499\/revisions"}],"wp:featuredmedia":[{"embeddable":true,"href":"https:\/\/froiz.es\/gl\/wp-json\/wp\/v2\/media\/25721"}],"wp:attachment":[{"href":"https:\/\/froiz.es\/gl\/wp-json\/wp\/v2\/media?parent=25499"}],"wp:term":[{"taxonomy":"category","embeddable":true,"href":"https:\/\/froiz.es\/gl\/wp-json\/wp\/v2\/categories?post=25499"},{"taxonomy":"post_tag","embeddable":true,"href":"https:\/\/froiz.es\/gl\/wp-json\/wp\/v2\/tags?post=25499"}],"curies":[{"name":"wp","href":"https:\/\/api.w.org\/{rel}","templated":true}]}}