{"id":25498,"date":"2022-03-30T11:25:10","date_gmt":"2022-03-30T09:25:10","guid":{"rendered":"https:\/\/froiz.devhub.es\/lo-que-reciclamos-en-froiz-en-el-ano-2021\/"},"modified":"2023-06-19T13:16:42","modified_gmt":"2023-06-19T11:16:42","slug":"lo-que-reciclamos-en-froiz-en-el-ano-2021","status":"publish","type":"post","link":"https:\/\/froiz.es\/gl\/lo-que-reciclamos-en-froiz-en-el-ano-2021\/","title":{"rendered":"Lo que reciclamos en #Froiz en el a\u00f1o 2021"},"content":{"rendered":"<p style=\"text-align: justify;\">La <strong>empresa Froiz<\/strong>\u00a0<strong>ha reciclado en el a\u00f1o 2021<\/strong>\u00a0cerca de 6.000 toneladas de residuos a\u00a0trav\u00e9s de su sistema de gesti\u00f3n interno. En todos los establecimientos\u00a0y plataformas de Espa\u00f1a y Portugal se han recogido\u00a05.868.652 kilos\u00a0de residuos, que han tenido un retorno y reaprovechamiento en la producci\u00f3n de otros materiales, impactando en la sostenibilidad, la econom\u00eda circular y la reducci\u00f3n del desperdicio.<\/p>\n<p style=\"text-align: justify;\">Desde siempre, la empresa ha entendido lo importante que es reciclar los residuos que se generan en el desarrollo de su propia actividad.\u00a0Con este objetivo, es obligatorio que todos los centros env\u00eden a sus respectivas plataformas los residuos generados para su posterior prensado y env\u00edo a una planta especializada en compostaje y transformaci\u00f3n. Se reutilizan los pal\u00e9s de madera y pl\u00e1stico; y se env\u00edan a reciclar cart\u00f3n, pl\u00e1stico y cajas y bandejas de porexpan.\u00a0<strong>El objetivo es la Triple \u201cR\u201d: reducir, reutilizar y reciclar.<\/strong><\/p>\n<p><span style=\"text-decoration: underline;\"><strong>Datos 2021 de Espa\u00f1a y Portugal:\u00a0<\/strong><\/span><br \/>\n\u267b\ufe0f Cajas poliestireno expandido:\u00a071.820 kilos<br \/>\n\u267b\ufe0f\u00a0Pl\u00e1sticos:\u00a0421.258 kilos<br \/>\n\u267b\ufe0f Cart\u00f3n:\u00a05.009.414 kilos<br \/>\n\u267b\ufe0f Cajas de madera y pl\u00e1stico:\u00a0366.160 kilos<\/p>\n<p style=\"text-align: justify;\">La empresa Froiz mantiene una pol\u00edtica activa de sensibilizaci\u00f3n y concienciaci\u00f3n de todos los trabajadores sobre la importancia del reciclado de residuos y la reutilizaci\u00f3n de materiales.<\/p>\n<p style=\"text-align: justify;\"><img fetchpriority=\"high\" decoding=\"async\" class=\"alignnone wp-image-20801 size-large\" src=\"https:\/\/www.froiz.com\/wp-content\/uploads\/2022\/03\/reciclado-2021-2-558x374.jpg\" alt=\"reciclado-2021-2\" width=\"558\" height=\"374\" \/><\/p>\n","protected":false},"excerpt":{"rendered":"<p>La empresa Froiz\u00a0ha reciclado en el a\u00f1o 2021\u00a0cerca de 6.000 toneladas de residuos a\u00a0trav\u00e9s de su sistema de gesti\u00f3n interno. En todos los establecimientos\u00a0y plataformas de Espa\u00f1a y Portugal se han recogido\u00a05.868.652 kilos\u00a0de residuos, que han tenido un retorno y reaprovechamiento en la producci\u00f3n de otros materiales, impactando en la sostenibilidad, la econom\u00eda circular y [&hellip;]<\/p>\n","protected":false},"author":1,"featured_media":25719,"comment_status":"open","ping_status":"open","sticky":false,"template":"","format":"standard","meta":{"_acf_changed":false,"footnotes":""},"categories":[14],"tags":[],"class_list":["post-25498","post","type-post","status-publish","format-standard","has-post-thumbnail","hentry","category-sostenibilidad"],"acf":[],"publishpress_future_workflow_manual_trigger":{"enabledWorkflows":[]},"_links":{"self":[{"href":"https:\/\/froiz.es\/gl\/wp-json\/wp\/v2\/posts\/25498","targetHints":{"allow":["GET"]}}],"collection":[{"href":"https:\/\/froiz.es\/gl\/wp-json\/wp\/v2\/posts"}],"about":[{"href":"https:\/\/froiz.es\/gl\/wp-json\/wp\/v2\/types\/post"}],"author":[{"embeddable":true,"href":"https:\/\/froiz.es\/gl\/wp-json\/wp\/v2\/users\/1"}],"replies":[{"embeddable":true,"href":"https:\/\/froiz.es\/gl\/wp-json\/wp\/v2\/comments?post=25498"}],"version-history":[{"count":0,"href":"https:\/\/froiz.es\/gl\/wp-json\/wp\/v2\/posts\/25498\/revisions"}],"wp:featuredmedia":[{"embeddable":true,"href":"https:\/\/froiz.es\/gl\/wp-json\/wp\/v2\/media\/25719"}],"wp:attachment":[{"href":"https:\/\/froiz.es\/gl\/wp-json\/wp\/v2\/media?parent=25498"}],"wp:term":[{"taxonomy":"category","embeddable":true,"href":"https:\/\/froiz.es\/gl\/wp-json\/wp\/v2\/categories?post=25498"},{"taxonomy":"post_tag","embeddable":true,"href":"https:\/\/froiz.es\/gl\/wp-json\/wp\/v2\/tags?post=25498"}],"curies":[{"name":"wp","href":"https:\/\/api.w.org\/{rel}","templated":true}]}}