{"id":25497,"date":"2022-03-24T11:09:13","date_gmt":"2022-03-24T10:09:13","guid":{"rendered":"https:\/\/froiz.devhub.es\/reformado-el-supermercado-froiz-de-c-gran-via-en-vigo\/"},"modified":"2023-06-19T13:16:40","modified_gmt":"2023-06-19T11:16:40","slug":"reformado-el-supermercado-froiz-de-c-gran-via-en-vigo","status":"publish","type":"post","link":"https:\/\/froiz.es\/gl\/reformado-el-supermercado-froiz-de-c-gran-via-en-vigo\/","title":{"rendered":"Reformado el supermercado Froiz de c\/Gran V\u00eda, en Vigo"},"content":{"rendered":"<p style=\"text-align: justify;\"><b>El supermercado #Froiz ubicado en la calle Gran V\u00eda, en la ciudad de Vigo, ha reabierto hoy sus puertas despu\u00e9s de que se hayan realizado obras de reforma y modernizaci\u00f3n de las instalaciones.\u00a0<\/b><\/p>\n<p style=\"text-align: justify;\">Este centro, situado en pleno centro de la ciudad, ya contaba con parking para clientes y amplios espacios dedicados a las secciones de frescos. Con esta reforma el supermercado cuenta ahora con m\u00e1s metros lineales de fr\u00edo, por tanto, m\u00e1s surtido en este tipo de referencias, y con unas nuevas instalaciones m\u00e1s ecoeficientes.<\/p>\n<p style=\"text-align: justify;\">Todas las secciones de frescos: carnicer\u00eda, charcuter\u00eda, pescader\u00eda, fruter\u00eda y panader\u00eda, conviven con los\u00a0espacios\u00a0dedicados a bodega, droguer\u00eda y alimentaci\u00f3n general; as\u00ed como los\u00a0largos lineales de congelados y productos refrigerados.<\/p>\n<p style=\"text-align: justify;\">Ofrece al cliente\u00a0<strong>calidad a los mejores precios, y un amplio surtido en productos frescos, de temporada y procedentes de proveedores locales, as\u00ed como variedad en marcas l\u00edderes<\/strong>.<\/p>\n<p style=\"text-align: justify;\">Se ha instalado publicidad din\u00e1mica a trav\u00e9s de pantallas Led y ofrece servicio a domicilio y parking para clientes. Su horario es continuo de lunes a s\u00e1bado.\u00a0<strong>En \u00e9l trabajan 27 profesionales de la alimentaci\u00f3n.<\/strong><\/p>\n<div dir=\"auto\" style=\"text-align: justify;\"><span class=\"pq6dq46d tbxw36s4 knj5qynh kvgmc6g5 ditlmg2l oygrvhab nvdbi5me sf5mxxl7 gl3lb2sf hhz5lgdu\"><img decoding=\"async\" src=\"https:\/\/static.xx.fbcdn.net\/images\/emoji.php\/v9\/td2\/2\/16\/2714.png\" alt=\"\u2714\ufe0f\" width=\"16\" height=\"16\" \/><\/span>\u00a0Horario continuo de\u00a09:00 a 21:30h.<\/div>\n<div dir=\"auto\" style=\"text-align: justify;\"><span class=\"pq6dq46d tbxw36s4 knj5qynh kvgmc6g5 ditlmg2l oygrvhab nvdbi5me sf5mxxl7 gl3lb2sf hhz5lgdu\"><img decoding=\"async\" src=\"https:\/\/static.xx.fbcdn.net\/images\/emoji.php\/v9\/td2\/2\/16\/2714.png\" alt=\"\u2714\ufe0f\" width=\"16\" height=\"16\" \/><\/span>\u00a0Servicio a domicilio<\/div>\n<div dir=\"auto\" style=\"text-align: justify;\"><span class=\"pq6dq46d tbxw36s4 knj5qynh kvgmc6g5 ditlmg2l oygrvhab nvdbi5me sf5mxxl7 gl3lb2sf hhz5lgdu\"><img decoding=\"async\" src=\"https:\/\/static.xx.fbcdn.net\/images\/emoji.php\/v9\/t51\/1\/16\/2714.png\" alt=\"\u2714\ufe0f\" width=\"16\" height=\"16\" \/><\/span>\u00a0Parking para clientes<\/div>\n<div dir=\"auto\" style=\"text-align: justify;\"><span class=\"pq6dq46d tbxw36s4 knj5qynh kvgmc6g5 ditlmg2l oygrvhab nvdbi5me sf5mxxl7 gl3lb2sf hhz5lgdu\"><img decoding=\"async\" src=\"https:\/\/static.xx.fbcdn.net\/images\/emoji.php\/v9\/td2\/2\/16\/2714.png\" alt=\"\u2714\ufe0f\" width=\"16\" height=\"16\" \/><\/span>\u00a0Publicidad din\u00e1mica<\/div>\n<div dir=\"auto\" style=\"text-align: justify;\"><span class=\"pq6dq46d tbxw36s4 knj5qynh kvgmc6g5 ditlmg2l oygrvhab nvdbi5me sf5mxxl7 gl3lb2sf hhz5lgdu\"><img decoding=\"async\" src=\"https:\/\/static.xx.fbcdn.net\/images\/emoji.php\/v9\/td2\/2\/16\/2714.png\" alt=\"\u2714\ufe0f\" width=\"16\" height=\"16\" \/><\/span>\u00a0Amplio surtido en marcas l\u00edderes<\/div>\n<div dir=\"auto\" style=\"text-align: justify;\"><\/div>\n<div dir=\"auto\" style=\"text-align: justify;\">\n<p><strong><a href=\"https:\/\/www.facebook.com\/hashtag\/%F0%9D%97%99%F0%9D%97%BF%F0%9D%97%BC%F0%9D%97%B6%F0%9D%98%87?__eep__=6&amp;__cft__[0]=AZX-Xli9WjZp2NRyufHkA5O6XiyXA3o5JHqh5vwyLUcPWHKPSlK7VeBC_c1HLcYBSZe9w2QY4KRR-fdLUo05f22hL82pHMW2hIEDEVglV3dZIbX68u5jIH8JJbTtpMXZcmkTf5p2y5E2SB4wDTTM2kMBHHytRw9Vys1t4hL_nooiUUkXfOav3T0cAuQIOQ6B5i4&amp;__tn__=*NK-R\" target=\"_blank\" rel=\"noopener\">#Froiz<\/a>, calidad, servicio y atenci\u00f3n.<\/strong><\/p>\n<\/div>\n<div dir=\"auto\" style=\"text-align: justify;\"><\/div>\n<div dir=\"auto\" style=\"text-align: justify;\">?<a href=\"https:\/\/goo.gl\/maps\/QkMPvdtjh998cniz6\" target=\"_blank\" rel=\"noopener\">https:\/\/goo.gl\/maps\/QkMPvdtjh998cniz6<\/a><\/div>\n<div dir=\"auto\" style=\"text-align: justify;\">\n\n<\/div>\n","protected":false},"excerpt":{"rendered":"<p>El supermercado #Froiz ubicado en la calle Gran V\u00eda, en la ciudad de Vigo, ha reabierto hoy sus puertas despu\u00e9s de que se hayan realizado obras de reforma y modernizaci\u00f3n de las instalaciones.\u00a0 Este centro, situado en pleno centro de la ciudad, ya contaba con parking para clientes y amplios espacios dedicados a las secciones [&hellip;]<\/p>\n","protected":false},"author":1,"featured_media":25717,"comment_status":"open","ping_status":"open","sticky":false,"template":"","format":"standard","meta":{"_acf_changed":false,"footnotes":""},"categories":[31],"tags":[],"class_list":["post-25497","post","type-post","status-publish","format-standard","has-post-thumbnail","hentry","category-instalaciones"],"acf":[],"publishpress_future_workflow_manual_trigger":{"enabledWorkflows":[]},"_links":{"self":[{"href":"https:\/\/froiz.es\/gl\/wp-json\/wp\/v2\/posts\/25497","targetHints":{"allow":["GET"]}}],"collection":[{"href":"https:\/\/froiz.es\/gl\/wp-json\/wp\/v2\/posts"}],"about":[{"href":"https:\/\/froiz.es\/gl\/wp-json\/wp\/v2\/types\/post"}],"author":[{"embeddable":true,"href":"https:\/\/froiz.es\/gl\/wp-json\/wp\/v2\/users\/1"}],"replies":[{"embeddable":true,"href":"https:\/\/froiz.es\/gl\/wp-json\/wp\/v2\/comments?post=25497"}],"version-history":[{"count":0,"href":"https:\/\/froiz.es\/gl\/wp-json\/wp\/v2\/posts\/25497\/revisions"}],"wp:featuredmedia":[{"embeddable":true,"href":"https:\/\/froiz.es\/gl\/wp-json\/wp\/v2\/media\/25717"}],"wp:attachment":[{"href":"https:\/\/froiz.es\/gl\/wp-json\/wp\/v2\/media?parent=25497"}],"wp:term":[{"taxonomy":"category","embeddable":true,"href":"https:\/\/froiz.es\/gl\/wp-json\/wp\/v2\/categories?post=25497"},{"taxonomy":"post_tag","embeddable":true,"href":"https:\/\/froiz.es\/gl\/wp-json\/wp\/v2\/tags?post=25497"}],"curies":[{"name":"wp","href":"https:\/\/api.w.org\/{rel}","templated":true}]}}