{"id":25491,"date":"2022-02-04T09:45:34","date_gmt":"2022-02-04T08:45:34","guid":{"rendered":"https:\/\/froiz.devhub.es\/nueva-apertura-en-portugal-en-la-localidad-de-esposende\/"},"modified":"2023-06-19T13:16:40","modified_gmt":"2023-06-19T11:16:40","slug":"nueva-apertura-en-portugal-en-la-localidad-de-esposende","status":"publish","type":"post","link":"https:\/\/froiz.es\/gl\/nueva-apertura-en-portugal-en-la-localidad-de-esposende\/","title":{"rendered":"Nueva apertura en Portugal, en la localidad de Esposende"},"content":{"rendered":"<p style=\"text-align: justify;\">La <span style=\"text-decoration: underline;\"><strong>empresa #Froi<\/strong><\/span>z ya cuenta desde hoy con un nuevo establecimiento comercial en Portugal gracias a la apertura de un supermercado en la localidad costera de <span style=\"text-decoration: underline;\"><strong>Esposende.\u00a0<\/strong><\/span><\/p>\n<p style=\"text-align: justify;\">Est\u00e1 ubicado en la Av. Valentim Ribeiro 26 y cuenta con una sala de venta de 800 metros cuadrados y parking gratuito para clientes. Ofrece al cliente surtido en frescos con secciones asistidas de carnicer\u00eda y fruter\u00eda por profesionales Froiz, y una amplia variedad en marcas l\u00edderes de origen nacional.<\/p>\n<p style=\"text-align: justify;\">Como es habitual en todos los centros #Froiz de Portugal, cuenta con un espacio\u00a0dedicado a cafeter\u00eda y panader\u00eda,\u00a0donde el cliente puede consumir un caf\u00e9\u00a0acompa\u00f1ado de productos de boller\u00eda. Destacan los lineales de frio positivo y negativo que albergan\u00a0una amplia variedad\u00a0en\u00a0helados y congelados, loncheados de charcuter\u00eda, quesos, IV y V gama, pizzas y preembalados c\u00e1rnicos.<\/p>\n<div id=\"u_0_i\" class=\"_li\">\n<div id=\"globalContainer\" class=\"uiContextualLayerParent\">\n<div id=\"content\" class=\"fb_content clearfix \" data-referrer=\"content\">\n<div class=\"clearfix\">\n<div class=\"_1qkq _1ql0\">\n<div id=\"content_container\">\n<div class=\"clearfix\">\n<div id=\"js_1c\" class=\"_2pie _14i5 _1qkq _1qkx\">\n<div id=\"pagelet_timeline_main_column\">\n<div id=\"id_5a61b9de11edd8277403262\" data-referrer=\"id_5a61b9de11edd8277403262\">\n<div id=\"u_jsonp_3_25\">\n<div class=\"_1xnd\">\n<div class=\"_1xnd\">\n<div class=\"_1xnd\">\n<div class=\"_4-u2 _3xaf _3-95 _4-u8\">\n<div class=\"_5va1 _427x\">\n<div id=\"u_19_1\" class=\"_4-u2 mbm _4mrt _5jmm _5pat _5v3q _4-u8\" data-ftr=\"1\" data-fte=\"1\" data-insertion-position=\"0\">\n<div id=\"u_19_b\" class=\"_3ccb\" data-gt=\"{&quot;type&quot;:&quot;click2canvas&quot;,&quot;fbsource&quot;:703,&quot;ref&quot;:&quot;nf_generic&quot;}\" data-ft=\"{&quot;tn&quot;:&quot;-R&quot;}\">\n<div class=\"_5pcr userContentWrapper\" data-ft=\"{&quot;tn&quot;:&quot;-R&quot;}\">\n<div class=\"_1dwg _1w_m _q7o\">\n<div id=\"js_74\" class=\"_5pbx userContent _3576\" data-ft=\"{&quot;tn&quot;:&quot;K&quot;}\">\n<p style=\"text-align: justify;\">Ofrece servicio a domicilio, parking para clientes y amplio horario comercial.\u00a0<strong>En \u00e9l trabajan 14 profesionales de la alimentaci\u00f3n.<\/strong><\/p>\n<\/div>\n<div dir=\"auto\"><span class=\"pq6dq46d tbxw36s4 knj5qynh kvgmc6g5 ditlmg2l oygrvhab nvdbi5me sf5mxxl7 gl3lb2sf hhz5lgdu\"><img decoding=\"async\" src=\"https:\/\/static.xx.fbcdn.net\/images\/emoji.php\/v9\/td2\/2\/16\/2714.png\" alt=\"\u2714\ufe0f\" width=\"16\" height=\"16\" \/><\/span>\u00a0Horario\u00a0amplio<\/div>\n<div dir=\"auto\"><span class=\"pq6dq46d tbxw36s4 knj5qynh kvgmc6g5 ditlmg2l oygrvhab nvdbi5me sf5mxxl7 gl3lb2sf hhz5lgdu\"><img decoding=\"async\" src=\"https:\/\/static.xx.fbcdn.net\/images\/emoji.php\/v9\/td2\/2\/16\/2714.png\" alt=\"\u2714\ufe0f\" width=\"16\" height=\"16\" \/><\/span>\u00a0Servicio a domicilio<\/div>\n<div dir=\"auto\"><span class=\"pq6dq46d tbxw36s4 knj5qynh kvgmc6g5 ditlmg2l oygrvhab nvdbi5me sf5mxxl7 gl3lb2sf hhz5lgdu\"><img decoding=\"async\" src=\"https:\/\/static.xx.fbcdn.net\/images\/emoji.php\/v9\/t51\/1\/16\/2714.png\" alt=\"\u2714\ufe0f\" width=\"16\" height=\"16\" \/><\/span>\u00a0Parking para clientes<\/div>\n<div dir=\"auto\"><span class=\"pq6dq46d tbxw36s4 knj5qynh kvgmc6g5 ditlmg2l oygrvhab nvdbi5me sf5mxxl7 gl3lb2sf hhz5lgdu\"><img decoding=\"async\" src=\"https:\/\/static.xx.fbcdn.net\/images\/emoji.php\/v9\/td2\/2\/16\/2714.png\" alt=\"\u2714\ufe0f\" width=\"16\" height=\"16\" \/><\/span>\u00a0Surtido en frescos y marcas l\u00edderes<\/div>\n<div dir=\"auto\"><\/div>\n<div dir=\"auto\">\n<p><strong><a href=\"https:\/\/www.facebook.com\/hashtag\/%F0%9D%97%99%F0%9D%97%BF%F0%9D%97%BC%F0%9D%97%B6%F0%9D%98%87?__eep__=6&amp;__cft__[0]=AZX-Xli9WjZp2NRyufHkA5O6XiyXA3o5JHqh5vwyLUcPWHKPSlK7VeBC_c1HLcYBSZe9w2QY4KRR-fdLUo05f22hL82pHMW2hIEDEVglV3dZIbX68u5jIH8JJbTtpMXZcmkTf5p2y5E2SB4wDTTM2kMBHHytRw9Vys1t4hL_nooiUUkXfOav3T0cAuQIOQ6B5i4&amp;__tn__=*NK-R\" target=\"_blank\" rel=\"noopener\">#Froiz<\/a>, calidad, servicio y atenci\u00f3n.<\/strong><\/p>\n<\/div>\n<div dir=\"auto\"><\/div>\n<div dir=\"auto\"><\/div>\n<div dir=\"auto\">?<a href=\"https:\/\/goo.gl\/maps\/1hq7SJsJUPYcicYj8\" target=\"_blank\" rel=\"noopener\">https:\/\/goo.gl\/maps\/1hq7SJsJUPYcicYj8<\/a><\/div>\n<div dir=\"auto\">\n\n<\/div>\n<\/div>\n<\/div>\n<\/div>\n<\/div>\n<\/div>\n<\/div>\n<\/div>\n<\/div>\n<\/div>\n<\/div>\n<\/div>\n<\/div>\n<\/div>\n<\/div>\n<\/div>\n<\/div>\n<\/div>\n<\/div>\n<\/div>\n<\/div>\n","protected":false},"excerpt":{"rendered":"<p>La empresa #Froiz ya cuenta desde hoy con un nuevo establecimiento comercial en Portugal gracias a la apertura de un supermercado en la localidad costera de Esposende.\u00a0 Est\u00e1 ubicado en la Av. Valentim Ribeiro 26 y cuenta con una sala de venta de 800 metros cuadrados y parking gratuito para clientes. Ofrece al cliente surtido [&hellip;]<\/p>\n","protected":false},"author":1,"featured_media":25492,"comment_status":"open","ping_status":"open","sticky":false,"template":"","format":"standard","meta":{"_acf_changed":false,"footnotes":""},"categories":[31],"tags":[],"class_list":["post-25491","post","type-post","status-publish","format-standard","has-post-thumbnail","hentry","category-instalaciones"],"acf":[],"publishpress_future_workflow_manual_trigger":{"enabledWorkflows":[]},"_links":{"self":[{"href":"https:\/\/froiz.es\/gl\/wp-json\/wp\/v2\/posts\/25491","targetHints":{"allow":["GET"]}}],"collection":[{"href":"https:\/\/froiz.es\/gl\/wp-json\/wp\/v2\/posts"}],"about":[{"href":"https:\/\/froiz.es\/gl\/wp-json\/wp\/v2\/types\/post"}],"author":[{"embeddable":true,"href":"https:\/\/froiz.es\/gl\/wp-json\/wp\/v2\/users\/1"}],"replies":[{"embeddable":true,"href":"https:\/\/froiz.es\/gl\/wp-json\/wp\/v2\/comments?post=25491"}],"version-history":[{"count":0,"href":"https:\/\/froiz.es\/gl\/wp-json\/wp\/v2\/posts\/25491\/revisions"}],"wp:featuredmedia":[{"embeddable":true,"href":"https:\/\/froiz.es\/gl\/wp-json\/wp\/v2\/media\/25492"}],"wp:attachment":[{"href":"https:\/\/froiz.es\/gl\/wp-json\/wp\/v2\/media?parent=25491"}],"wp:term":[{"taxonomy":"category","embeddable":true,"href":"https:\/\/froiz.es\/gl\/wp-json\/wp\/v2\/categories?post=25491"},{"taxonomy":"post_tag","embeddable":true,"href":"https:\/\/froiz.es\/gl\/wp-json\/wp\/v2\/tags?post=25491"}],"curies":[{"name":"wp","href":"https:\/\/api.w.org\/{rel}","templated":true}]}}