{"id":25482,"date":"2021-12-01T10:50:44","date_gmt":"2021-12-01T09:50:44","guid":{"rendered":"https:\/\/froiz.devhub.es\/reapertura-del-supermercado-froiz-de-castro-riberas-de-lea-lugo\/"},"modified":"2023-06-19T13:16:37","modified_gmt":"2023-06-19T11:16:37","slug":"reapertura-del-supermercado-froiz-de-castro-riberas-de-lea-lugo","status":"publish","type":"post","link":"https:\/\/froiz.es\/gl\/reapertura-del-supermercado-froiz-de-castro-riberas-de-lea-lugo\/","title":{"rendered":"Reapertura del supermercado Froiz de Castro Riberas de Lea (Lugo)"},"content":{"rendered":"<p style=\"text-align: justify;\"><b>Hoy reabre sus puertas despu\u00e9s de una reforma integral, el supermercado #Froiz situado en\u00a0el n\u00facleo\u00a0de Castro Riberas de Lea, ayuntamiento\u00a0de Castro de Rei, en Lugo.\u00a0<\/b><\/p>\n<p style=\"text-align: justify;\">Este supermercado #Froiz\u00a0ofrece un mayor surtido y mejores servicios gracias a la ampliaci\u00f3n de\u00a0la sala de ventas y la construcci\u00f3n de un parking para clientes. Cuenta con todas las secciones de frescos: carnicer\u00eda, charcuter\u00eda, pescader\u00eda, fruter\u00eda y panader\u00eda, que conviven con los\u00a0espacios\u00a0dedicados a bodega, droguer\u00eda y alimentaci\u00f3n general; y los\u00a0lineales de congelados y productos refrigerados.<\/p>\n<p style=\"text-align: justify;\">Ofrece al cliente\u00a0<strong>calidad a los mejores precios, y un amplio surtido en productos frescos, de temporada y procedentes de proveedores locales, as\u00ed como variedad en marcas l\u00edderes<\/strong>. Toda la carne de vacuno que se comercializa es\u00a0de\u00a0<strong>Indicaci\u00f3n Geogr\u00e1fica 100%\u00a0Ternera Gallega,<\/strong>\u00a0adem\u00e1s de un amplio surtido en elaborados caseros que se preparan diariamente. Los<strong>\u00a0pescados y mariscos m\u00e1s frescos se env\u00edan al supermercado diariamente procedentes de las principales lonjas gallegas.<\/strong>\u00a0Hay tambi\u00e9n productos bio, eco y veganos.<\/p>\n<p style=\"text-align: justify;\">La\u00a0instalaci\u00f3n\u00a0de frio y climatizaci\u00f3n es ecoeficiente, lo que permite un consumo energ\u00e9tico inferior a una tienda convencional. Se ha instalado publicidad din\u00e1mica a trav\u00e9s de pantallas Led y ofrece servicio a domicilio y parking para clientes. Su horario es continuo de lunes a s\u00e1bado.\u00a0<strong>En \u00e9l trabajan 18 profesionales de la alimentaci\u00f3n.<\/strong><\/p>\n<div dir=\"auto\" style=\"text-align: justify;\"><span class=\"pq6dq46d tbxw36s4 knj5qynh kvgmc6g5 ditlmg2l oygrvhab nvdbi5me sf5mxxl7 gl3lb2sf hhz5lgdu\"><img decoding=\"async\" src=\"https:\/\/static.xx.fbcdn.net\/images\/emoji.php\/v9\/td2\/2\/16\/2714.png\" alt=\"\u2714\ufe0f\" width=\"16\" height=\"16\" \/><\/span>\u00a0Horario continuo de\u00a09:00 a 21:30h.<\/div>\n<div dir=\"auto\" style=\"text-align: justify;\"><span class=\"pq6dq46d tbxw36s4 knj5qynh kvgmc6g5 ditlmg2l oygrvhab nvdbi5me sf5mxxl7 gl3lb2sf hhz5lgdu\"><img decoding=\"async\" src=\"https:\/\/static.xx.fbcdn.net\/images\/emoji.php\/v9\/td2\/2\/16\/2714.png\" alt=\"\u2714\ufe0f\" width=\"16\" height=\"16\" \/><\/span>\u00a0Servicio a domicilio<\/div>\n<div dir=\"auto\" style=\"text-align: justify;\"><span class=\"pq6dq46d tbxw36s4 knj5qynh kvgmc6g5 ditlmg2l oygrvhab nvdbi5me sf5mxxl7 gl3lb2sf hhz5lgdu\"><img decoding=\"async\" src=\"https:\/\/static.xx.fbcdn.net\/images\/emoji.php\/v9\/t51\/1\/16\/2714.png\" alt=\"\u2714\ufe0f\" width=\"16\" height=\"16\" \/><\/span>\u00a0Parking para clientes<\/div>\n<div dir=\"auto\" style=\"text-align: justify;\"><span class=\"pq6dq46d tbxw36s4 knj5qynh kvgmc6g5 ditlmg2l oygrvhab nvdbi5me sf5mxxl7 gl3lb2sf hhz5lgdu\"><img decoding=\"async\" src=\"https:\/\/static.xx.fbcdn.net\/images\/emoji.php\/v9\/td2\/2\/16\/2714.png\" alt=\"\u2714\ufe0f\" width=\"16\" height=\"16\" \/><\/span>\u00a0Publicidad din\u00e1mica<\/div>\n<div dir=\"auto\" style=\"text-align: justify;\"><span class=\"pq6dq46d tbxw36s4 knj5qynh kvgmc6g5 ditlmg2l oygrvhab nvdbi5me sf5mxxl7 gl3lb2sf hhz5lgdu\"><img decoding=\"async\" src=\"https:\/\/static.xx.fbcdn.net\/images\/emoji.php\/v9\/td2\/2\/16\/2714.png\" alt=\"\u2714\ufe0f\" width=\"16\" height=\"16\" \/><\/span>\u00a0Amplio surtido en marcas l\u00edderes<\/div>\n<div dir=\"auto\" style=\"text-align: justify;\"><\/div>\n<div dir=\"auto\" style=\"text-align: justify;\">\n<p><strong><a href=\"https:\/\/www.facebook.com\/hashtag\/%F0%9D%97%99%F0%9D%97%BF%F0%9D%97%BC%F0%9D%97%B6%F0%9D%98%87?__eep__=6&amp;__cft__[0]=AZX-Xli9WjZp2NRyufHkA5O6XiyXA3o5JHqh5vwyLUcPWHKPSlK7VeBC_c1HLcYBSZe9w2QY4KRR-fdLUo05f22hL82pHMW2hIEDEVglV3dZIbX68u5jIH8JJbTtpMXZcmkTf5p2y5E2SB4wDTTM2kMBHHytRw9Vys1t4hL_nooiUUkXfOav3T0cAuQIOQ6B5i4&amp;__tn__=*NK-R\" target=\"_blank\" rel=\"noopener\">#Froiz<\/a>, calidad, servicio y atenci\u00f3n.<\/strong><\/p>\n<\/div>\n<div dir=\"auto\" style=\"text-align: justify;\"><\/div>\n<div dir=\"auto\" style=\"text-align: justify;\"><\/div>\n<div dir=\"auto\" style=\"text-align: justify;\"><\/div>\n<div dir=\"auto\" style=\"text-align: justify;\">?<a href=\"https:\/\/goo.gl\/maps\/1FmwgQmr5pLaeZzh6\" target=\"_blank\" rel=\"noopener\">https:\/\/goo.gl\/maps\/1FmwgQmr5pLaeZzh6<\/a><\/div>\n<div dir=\"auto\" style=\"text-align: justify;\"><\/div>\n<div dir=\"auto\" style=\"text-align: justify;\">\n\n<\/div>\n","protected":false},"excerpt":{"rendered":"<p>Hoy reabre sus puertas despu\u00e9s de una reforma integral, el supermercado #Froiz situado en\u00a0el n\u00facleo\u00a0de Castro Riberas de Lea, ayuntamiento\u00a0de Castro de Rei, en Lugo.\u00a0 Este supermercado #Froiz\u00a0ofrece un mayor surtido y mejores servicios gracias a la ampliaci\u00f3n de\u00a0la sala de ventas y la construcci\u00f3n de un parking para clientes. Cuenta con todas las secciones [&hellip;]<\/p>\n","protected":false},"author":1,"featured_media":25483,"comment_status":"open","ping_status":"open","sticky":false,"template":"","format":"standard","meta":{"_acf_changed":false,"footnotes":""},"categories":[31],"tags":[],"class_list":["post-25482","post","type-post","status-publish","format-standard","has-post-thumbnail","hentry","category-instalaciones"],"acf":[],"publishpress_future_workflow_manual_trigger":{"enabledWorkflows":[]},"_links":{"self":[{"href":"https:\/\/froiz.es\/gl\/wp-json\/wp\/v2\/posts\/25482","targetHints":{"allow":["GET"]}}],"collection":[{"href":"https:\/\/froiz.es\/gl\/wp-json\/wp\/v2\/posts"}],"about":[{"href":"https:\/\/froiz.es\/gl\/wp-json\/wp\/v2\/types\/post"}],"author":[{"embeddable":true,"href":"https:\/\/froiz.es\/gl\/wp-json\/wp\/v2\/users\/1"}],"replies":[{"embeddable":true,"href":"https:\/\/froiz.es\/gl\/wp-json\/wp\/v2\/comments?post=25482"}],"version-history":[{"count":0,"href":"https:\/\/froiz.es\/gl\/wp-json\/wp\/v2\/posts\/25482\/revisions"}],"wp:featuredmedia":[{"embeddable":true,"href":"https:\/\/froiz.es\/gl\/wp-json\/wp\/v2\/media\/25483"}],"wp:attachment":[{"href":"https:\/\/froiz.es\/gl\/wp-json\/wp\/v2\/media?parent=25482"}],"wp:term":[{"taxonomy":"category","embeddable":true,"href":"https:\/\/froiz.es\/gl\/wp-json\/wp\/v2\/categories?post=25482"},{"taxonomy":"post_tag","embeddable":true,"href":"https:\/\/froiz.es\/gl\/wp-json\/wp\/v2\/tags?post=25482"}],"curies":[{"name":"wp","href":"https:\/\/api.w.org\/{rel}","templated":true}]}}