{"id":25480,"date":"2021-11-19T10:53:40","date_gmt":"2021-11-19T09:53:40","guid":{"rendered":"https:\/\/froiz.devhub.es\/abrimos-un-nuevo-supermercado-froiz-en-la-comunidad-de-madrid-en-la-localidad-de-moralzarzal\/"},"modified":"2023-06-19T13:16:32","modified_gmt":"2023-06-19T11:16:32","slug":"abrimos-un-nuevo-supermercado-froiz-en-la-comunidad-de-madrid-en-la-localidad-de-moralzarzal","status":"publish","type":"post","link":"https:\/\/froiz.es\/gl\/abrimos-un-nuevo-supermercado-froiz-en-la-comunidad-de-madrid-en-la-localidad-de-moralzarzal\/","title":{"rendered":"Abrimos un nuevo supermercado Froiz en la Comunidad de Madrid en la localidad de Moralzarzal"},"content":{"rendered":"<p style=\"text-align: justify;\"><strong>Desde hoy, #Froiz cuenta\u00a0con un nuevo supermercado en la comunidad de Madrid. Este nuevo supermercado<\/strong><strong>\u00a0est\u00e1 ubicado en la calle\u00a0De La Ermita, 14, en la localidad madrile\u00f1a de Moralzarzal.<\/strong><\/p>\n<p style=\"text-align: justify;\">Ofrece al cliente <strong>calidad a los mejores precios y un amplio surtido en frescos y marcas l\u00edderes<\/strong>. Cuenta con\u00a0todas las\u00a0secciones de frescos:\u00a0carnicer\u00eda, charcuter\u00eda, pescader\u00eda, fruter\u00eda y panader\u00eda que conviven con los\u00a0espacios\u00a0dedicados a bodega, droguer\u00eda y alimentaci\u00f3n general; y los\u00a0lineales de congelados y productos refrigerados.<br \/>\nTodas las secciones de frescos del nuevo supermercado Froiz en Moralzarzal son de venta asistida, donde los profesionales Froiz limpian, cortan, preparan el producto y asesoran a los clientes en su compra, calidad y precio.<br \/>\nToda la carne de vacuno que se comercializa es\u00a0de\u00a0<strong>Indicaci\u00f3n Geogr\u00e1fica\u00a0 100%\u00a0Ternera Gallega,<\/strong>\u00a0adem\u00e1s de un amplio surtido en elaborados caseros que se preparan diariamente. Los<strong>\u00a0pescados y mariscos m\u00e1s frescos se env\u00edan al supermercado diariamente procedentes de las principales lonjas gallegas.<\/strong>\u00a0Hay tambi\u00e9n productos bio, eco, veganos y sushi.<br \/>\nEn fruter\u00eda ofrecemos frutas y verduras de temporada procedentes de proveedores locales. Esta oferta se completa con otras variedades como las tropicales o maduradas en planta, los frutos secos a granel, productos ecol\u00f3gicos, toppings y plantas arom\u00e1ticas.<br \/>\nCuenta con publicidad din\u00e1mica a trav\u00e9s de pantallas Led, servicio a domicilio y parking para clientes. Su horario es continuo de lunes a s\u00e1bado. En \u00e9l trabajan\u00a026 profesionales de la alimentaci\u00f3n.<\/p>\n<div dir=\"auto\"><span class=\"pq6dq46d tbxw36s4 knj5qynh kvgmc6g5 ditlmg2l oygrvhab nvdbi5me sf5mxxl7 gl3lb2sf hhz5lgdu\"><img decoding=\"async\" src=\"https:\/\/static.xx.fbcdn.net\/images\/emoji.php\/v9\/td2\/2\/16\/2714.png\" alt=\"\u2714\ufe0f\" width=\"16\" height=\"16\" \/><\/span>\u00a0Horario continuo de\u00a09:00 a 21:30h.<\/div>\n<div dir=\"auto\"><span class=\"pq6dq46d tbxw36s4 knj5qynh kvgmc6g5 ditlmg2l oygrvhab nvdbi5me sf5mxxl7 gl3lb2sf hhz5lgdu\"><img decoding=\"async\" src=\"https:\/\/static.xx.fbcdn.net\/images\/emoji.php\/v9\/td2\/2\/16\/2714.png\" alt=\"\u2714\ufe0f\" width=\"16\" height=\"16\" \/><\/span>\u00a0Servicio a domicilio<\/div>\n<div dir=\"auto\"><span class=\"pq6dq46d tbxw36s4 knj5qynh kvgmc6g5 ditlmg2l oygrvhab nvdbi5me sf5mxxl7 gl3lb2sf hhz5lgdu\"><img decoding=\"async\" src=\"https:\/\/static.xx.fbcdn.net\/images\/emoji.php\/v9\/t51\/1\/16\/2714.png\" alt=\"\u2714\ufe0f\" width=\"16\" height=\"16\" \/><\/span> Parking para clientes<\/div>\n<div dir=\"auto\"><span class=\"pq6dq46d tbxw36s4 knj5qynh kvgmc6g5 ditlmg2l oygrvhab nvdbi5me sf5mxxl7 gl3lb2sf hhz5lgdu\"><img decoding=\"async\" src=\"https:\/\/static.xx.fbcdn.net\/images\/emoji.php\/v9\/td2\/2\/16\/2714.png\" alt=\"\u2714\ufe0f\" width=\"16\" height=\"16\" \/><\/span>\u00a0Publicidad din\u00e1mica<\/div>\n<div dir=\"auto\"><span class=\"pq6dq46d tbxw36s4 knj5qynh kvgmc6g5 ditlmg2l oygrvhab nvdbi5me sf5mxxl7 gl3lb2sf hhz5lgdu\"><img decoding=\"async\" src=\"https:\/\/static.xx.fbcdn.net\/images\/emoji.php\/v9\/td2\/2\/16\/2714.png\" alt=\"\u2714\ufe0f\" width=\"16\" height=\"16\" \/><\/span>\u00a0Amplio surtido en marcas l\u00edderes<\/div>\n<div dir=\"auto\"><\/div>\n<div dir=\"auto\">\n<p><strong><a href=\"https:\/\/www.facebook.com\/hashtag\/%F0%9D%97%99%F0%9D%97%BF%F0%9D%97%BC%F0%9D%97%B6%F0%9D%98%87?__eep__=6&amp;__cft__[0]=AZX-Xli9WjZp2NRyufHkA5O6XiyXA3o5JHqh5vwyLUcPWHKPSlK7VeBC_c1HLcYBSZe9w2QY4KRR-fdLUo05f22hL82pHMW2hIEDEVglV3dZIbX68u5jIH8JJbTtpMXZcmkTf5p2y5E2SB4wDTTM2kMBHHytRw9Vys1t4hL_nooiUUkXfOav3T0cAuQIOQ6B5i4&amp;__tn__=*NK-R\" target=\"_blank\" rel=\"noopener\">#Froiz<\/a>, calidad, servicio y atenci\u00f3n.<\/strong><\/p>\n<\/div>\n<div dir=\"auto\"><\/div>\n<div dir=\"auto\"><\/div>\n<div dir=\"auto\">?<a href=\"https:\/\/goo.gl\/maps\/agxwSqrQk6YCFhE2A\" target=\"_blank\" rel=\"noopener\">\u00a0https:\/\/goo.gl\/maps\/agxwSqrQk6YCFhE2A<\/a><\/div>\n<div dir=\"auto\">\n\n<\/div>\n","protected":false},"excerpt":{"rendered":"<p>Desde hoy, #Froiz cuenta\u00a0con un nuevo supermercado en la comunidad de Madrid. Este nuevo supermercado\u00a0est\u00e1 ubicado en la calle\u00a0De La Ermita, 14, en la localidad madrile\u00f1a de Moralzarzal. Ofrece al cliente calidad a los mejores precios y un amplio surtido en frescos y marcas l\u00edderes. Cuenta con\u00a0todas las\u00a0secciones de frescos:\u00a0carnicer\u00eda, charcuter\u00eda, pescader\u00eda, fruter\u00eda y panader\u00eda [&hellip;]<\/p>\n","protected":false},"author":1,"featured_media":25704,"comment_status":"open","ping_status":"open","sticky":false,"template":"","format":"standard","meta":{"_acf_changed":false,"footnotes":""},"categories":[31],"tags":[],"class_list":["post-25480","post","type-post","status-publish","format-standard","has-post-thumbnail","hentry","category-instalaciones"],"acf":[],"publishpress_future_workflow_manual_trigger":{"enabledWorkflows":[]},"_links":{"self":[{"href":"https:\/\/froiz.es\/gl\/wp-json\/wp\/v2\/posts\/25480","targetHints":{"allow":["GET"]}}],"collection":[{"href":"https:\/\/froiz.es\/gl\/wp-json\/wp\/v2\/posts"}],"about":[{"href":"https:\/\/froiz.es\/gl\/wp-json\/wp\/v2\/types\/post"}],"author":[{"embeddable":true,"href":"https:\/\/froiz.es\/gl\/wp-json\/wp\/v2\/users\/1"}],"replies":[{"embeddable":true,"href":"https:\/\/froiz.es\/gl\/wp-json\/wp\/v2\/comments?post=25480"}],"version-history":[{"count":0,"href":"https:\/\/froiz.es\/gl\/wp-json\/wp\/v2\/posts\/25480\/revisions"}],"wp:featuredmedia":[{"embeddable":true,"href":"https:\/\/froiz.es\/gl\/wp-json\/wp\/v2\/media\/25704"}],"wp:attachment":[{"href":"https:\/\/froiz.es\/gl\/wp-json\/wp\/v2\/media?parent=25480"}],"wp:term":[{"taxonomy":"category","embeddable":true,"href":"https:\/\/froiz.es\/gl\/wp-json\/wp\/v2\/categories?post=25480"},{"taxonomy":"post_tag","embeddable":true,"href":"https:\/\/froiz.es\/gl\/wp-json\/wp\/v2\/tags?post=25480"}],"curies":[{"name":"wp","href":"https:\/\/api.w.org\/{rel}","templated":true}]}}