{"id":25475,"date":"2021-10-11T07:47:55","date_gmt":"2021-10-11T05:47:55","guid":{"rendered":"https:\/\/froiz.devhub.es\/presentamos-al-nuevo-equipo-deportivo-de-ciclocross-superfroiz\/"},"modified":"2023-06-19T13:16:30","modified_gmt":"2023-06-19T11:16:30","slug":"presentamos-al-nuevo-equipo-deportivo-de-ciclocross-superfroiz","status":"publish","type":"post","link":"https:\/\/froiz.es\/gl\/presentamos-al-nuevo-equipo-deportivo-de-ciclocross-superfroiz\/","title":{"rendered":"Presentamos al nuevo equipo deportivo de ciclocross S\u00faperFroiz"},"content":{"rendered":"<p style=\"text-align: justify;\">El\u00a0<strong>Grupo Deportivo Supermercados Froiz<\/strong> cuenta con un nuevo proyecto deportivo. Se trata de un equipo de <strong>ciclocross<\/strong> formado por 6 j\u00f3venes ciclistas, tres en categor\u00eda femenina y tres en masculina.<\/p>\n<p style=\"text-align: justify;\">Sus integrantes son: Laura Mira (campeona gallega y de Espa\u00f1a y segunda del r\u00e1nking nacional);\u00a0Ux\u00eda Soto (tambi\u00e9n medallista auton\u00f3mica y nacional); Rosal\u00eda Ortiz, Fabi\u00e1n Rodr\u00edguez, Miguel Rodr\u00edguez\u00a0(campe\u00f3n nacional y de la Copa de Espa\u00f1a 19-20) y\u00a0Gonzalo Inguanzo\u00a0(campe\u00f3n de la Copa de Espa\u00f1a) en el masculino.<\/p>\n<p style=\"text-align: justify;\">Este equipo est\u00e1 dirigido por Ana Portela Ferre\u00f1o y con \u00e9l, el equipo vuelve a sus or\u00edgenes.<\/p>\n<p style=\"text-align: justify;\">El<strong> Grupo Deportivo Supermercados Froiz<\/strong> naci\u00f3 hace m\u00e1s de 30 a\u00f1os fruto de la pasi\u00f3n por el ciclismo de dos amantes de este deporte: Evaristo Portela y Mag\u00edn Froiz. El actual director deportivo le propuso al propietario del grupo estampar el logotipo de su empresa en el maillot con el que iba a disputar\u00a0una\u00a0temporada\u00a0de\u00a0ciclocr\u00f3s, y as\u00ed surgi\u00f3 el <strong>Grupo Deportivo SuperFroiz, uno de los equipos\u00a0de ciclismo aficionado m\u00e1s longevos del panorama espa\u00f1ol en la categor\u00edas \u00e9lite y sub23.\u00a0<\/strong><\/p>\n<p style=\"text-align: justify;\">M\u00e1s info en <a href=\"https:\/\/equiposuperfroiz.com\" target=\"_blank\" rel=\"noopener\">web<\/a>\u00a0<a href=\"https:\/\/equiposuperfroiz.com\/\" target=\"_blank\" rel=\"noopener\">\/<\/a>\u00a0<a href=\"https:\/\/www.facebook.com\/superfroiz\" target=\"_blank\" rel=\"noopener\">Facebook<\/a>\u00a0\/\u00a0<a href=\"https:\/\/www.instagram.com\/superfroiz\/?hl=es\" target=\"_blank\" rel=\"noopener\">INSTAGRAM<\/a><\/p>\n\n","protected":false},"excerpt":{"rendered":"<p>El\u00a0Grupo Deportivo Supermercados Froiz cuenta con un nuevo proyecto deportivo. Se trata de un equipo de ciclocross formado por 6 j\u00f3venes ciclistas, tres en categor\u00eda femenina y tres en masculina. Sus integrantes son: Laura Mira (campeona gallega y de Espa\u00f1a y segunda del r\u00e1nking nacional);\u00a0Ux\u00eda Soto (tambi\u00e9n medallista auton\u00f3mica y nacional); Rosal\u00eda Ortiz, Fabi\u00e1n Rodr\u00edguez, [&hellip;]<\/p>\n","protected":false},"author":1,"featured_media":25700,"comment_status":"open","ping_status":"open","sticky":false,"template":"","format":"standard","meta":{"_acf_changed":false,"footnotes":""},"categories":[15],"tags":[],"class_list":["post-25475","post","type-post","status-publish","format-standard","has-post-thumbnail","hentry","category-deporte"],"acf":[],"publishpress_future_workflow_manual_trigger":{"enabledWorkflows":[]},"_links":{"self":[{"href":"https:\/\/froiz.es\/gl\/wp-json\/wp\/v2\/posts\/25475","targetHints":{"allow":["GET"]}}],"collection":[{"href":"https:\/\/froiz.es\/gl\/wp-json\/wp\/v2\/posts"}],"about":[{"href":"https:\/\/froiz.es\/gl\/wp-json\/wp\/v2\/types\/post"}],"author":[{"embeddable":true,"href":"https:\/\/froiz.es\/gl\/wp-json\/wp\/v2\/users\/1"}],"replies":[{"embeddable":true,"href":"https:\/\/froiz.es\/gl\/wp-json\/wp\/v2\/comments?post=25475"}],"version-history":[{"count":0,"href":"https:\/\/froiz.es\/gl\/wp-json\/wp\/v2\/posts\/25475\/revisions"}],"wp:featuredmedia":[{"embeddable":true,"href":"https:\/\/froiz.es\/gl\/wp-json\/wp\/v2\/media\/25700"}],"wp:attachment":[{"href":"https:\/\/froiz.es\/gl\/wp-json\/wp\/v2\/media?parent=25475"}],"wp:term":[{"taxonomy":"category","embeddable":true,"href":"https:\/\/froiz.es\/gl\/wp-json\/wp\/v2\/categories?post=25475"},{"taxonomy":"post_tag","embeddable":true,"href":"https:\/\/froiz.es\/gl\/wp-json\/wp\/v2\/tags?post=25475"}],"curies":[{"name":"wp","href":"https:\/\/api.w.org\/{rel}","templated":true}]}}