{"id":25466,"date":"2021-08-18T09:46:57","date_gmt":"2021-08-18T07:46:57","guid":{"rendered":"https:\/\/froiz.devhub.es\/el-supermercado-froiz-de-carral-a-coruna-cambia-de-ubicacion\/"},"modified":"2023-06-19T13:16:24","modified_gmt":"2023-06-19T11:16:24","slug":"el-supermercado-froiz-de-carral-a-coruna-cambia-de-ubicacion","status":"publish","type":"post","link":"https:\/\/froiz.es\/gl\/el-supermercado-froiz-de-carral-a-coruna-cambia-de-ubicacion\/","title":{"rendered":"El supermercado Froiz de Carral (A Coru\u00f1a) cambia de ubicaci\u00f3n"},"content":{"rendered":"<p style=\"text-align: justify;\"><strong>El supermercado Froiz<\/strong>\u00a0de la localidad coru\u00f1esa de <strong>Carral<\/strong> ha cambiado de ubicaci\u00f3n y pasa de ocupar un local de 300 metros cuadrados a otro con 1.200 metros de sala de ventas y aparcamiento para clientes. Este centro est\u00e1 ubicado en la misma calle <strong>V\u00edctor Velasco, pero en el n\u00famero 6.<\/strong> En estas nuevas instalaciones ofrece\u00a0todas las\u00a0secciones de frescos:<strong>\u00a0<\/strong>carnicer\u00eda, charcuter\u00eda, pescader\u00eda, fruter\u00eda y tambi\u00e9n panader\u00eda-pasteler\u00eda asistida que conviven con los\u00a0espacios\u00a0dedicados a bodega, droguer\u00eda y alimentaci\u00f3n general.<\/p>\n<p style=\"text-align: justify;\">Destacan los amplios lineales de frio positivo y negativo que albergan una gran surtido en\u00a0helados y congelados, loncheados de charcuter\u00eda, quesos, IV y V gama, pizzas y preembalado c\u00e1rnico; adem\u00e1s de\u00a0\u00a0productos bio, eco, veganos y sushi.<\/p>\n<p style=\"text-align: justify;\"><strong>Las nuevas instalaciones del supermercado Froiz en Carral (A Coru\u00f1a)<\/strong>\u00a0son modernas y\u00a0eco-eficientes. Todos los materiales empleados en el acondicionamiento, la iluminaci\u00f3n y la climatizaci\u00f3n consiguen un consumo energ\u00e9tico inferior a una tienda convencional, mejorando la experiencia de compra para los clientes y los espacios de trabajo para los trabajadores.<\/p>\n<div dir=\"auto\"><span class=\"pq6dq46d tbxw36s4 knj5qynh kvgmc6g5 ditlmg2l oygrvhab nvdbi5me sf5mxxl7 gl3lb2sf hhz5lgdu\"><img decoding=\"async\" src=\"https:\/\/static.xx.fbcdn.net\/images\/emoji.php\/v9\/td2\/2\/16\/2714.png\" alt=\"\u2714\ufe0f\" width=\"16\" height=\"16\" \/><\/span>\u00a0Horario continuo de\u00a09:00 a 21:30h.<\/div>\n<div dir=\"auto\"><span class=\"pq6dq46d tbxw36s4 knj5qynh kvgmc6g5 ditlmg2l oygrvhab nvdbi5me sf5mxxl7 gl3lb2sf hhz5lgdu\"><img decoding=\"async\" src=\"https:\/\/static.xx.fbcdn.net\/images\/emoji.php\/v9\/td2\/2\/16\/2714.png\" alt=\"\u2714\ufe0f\" width=\"16\" height=\"16\" \/><\/span>\u00a0Servicio a domicilio<\/div>\n<div dir=\"auto\"><span class=\"pq6dq46d tbxw36s4 knj5qynh kvgmc6g5 ditlmg2l oygrvhab nvdbi5me sf5mxxl7 gl3lb2sf hhz5lgdu\"><img decoding=\"async\" src=\"https:\/\/static.xx.fbcdn.net\/images\/emoji.php\/v9\/td2\/2\/16\/2714.png\" alt=\"\u2714\ufe0f\" width=\"16\" height=\"16\" \/><\/span>\u00a0Aparcamiento para clientes<\/div>\n<div dir=\"auto\"><span class=\"pq6dq46d tbxw36s4 knj5qynh kvgmc6g5 ditlmg2l oygrvhab nvdbi5me sf5mxxl7 gl3lb2sf hhz5lgdu\"><img decoding=\"async\" src=\"https:\/\/static.xx.fbcdn.net\/images\/emoji.php\/v9\/td2\/2\/16\/2714.png\" alt=\"\u2714\ufe0f\" width=\"16\" height=\"16\" \/><\/span>\u00a0Compra online<\/div>\n<div dir=\"auto\"><span class=\"pq6dq46d tbxw36s4 knj5qynh kvgmc6g5 ditlmg2l oygrvhab nvdbi5me sf5mxxl7 gl3lb2sf hhz5lgdu\"><img decoding=\"async\" src=\"https:\/\/static.xx.fbcdn.net\/images\/emoji.php\/v9\/td2\/2\/16\/2714.png\" alt=\"\u2714\ufe0f\" width=\"16\" height=\"16\" \/><\/span>\u00a0Publicidad din\u00e1mica<\/div>\n<div dir=\"auto\"><span class=\"pq6dq46d tbxw36s4 knj5qynh kvgmc6g5 ditlmg2l oygrvhab nvdbi5me sf5mxxl7 gl3lb2sf hhz5lgdu\"><img decoding=\"async\" src=\"https:\/\/static.xx.fbcdn.net\/images\/emoji.php\/v9\/td2\/2\/16\/2714.png\" alt=\"\u2714\ufe0f\" width=\"16\" height=\"16\" \/><\/span>\u00a0Amplio surtido en marcas l\u00edderes<\/div>\n<div dir=\"auto\">?????, ???????, ???????? ? ???????\u0301?.<\/div>\n<p>?<a href=\"https:\/\/goo.gl\/maps\/4L5Uyd6mwRcJvin88\" target=\"_blank\" rel=\"noopener\">\u00a0https:\/\/goo.gl\/maps\/4L5Uyd6mwRcJvin88<\/a><\/p>\n\n<p style=\"text-align: justify;\">\n","protected":false},"excerpt":{"rendered":"<p>El supermercado Froiz\u00a0de la localidad coru\u00f1esa de Carral ha cambiado de ubicaci\u00f3n y pasa de ocupar un local de 300 metros cuadrados a otro con 1.200 metros de sala de ventas y aparcamiento para clientes. Este centro est\u00e1 ubicado en la misma calle V\u00edctor Velasco, pero en el n\u00famero 6. En estas nuevas instalaciones ofrece\u00a0todas [&hellip;]<\/p>\n","protected":false},"author":1,"featured_media":25691,"comment_status":"open","ping_status":"open","sticky":false,"template":"","format":"standard","meta":{"_acf_changed":false,"footnotes":""},"categories":[31],"tags":[],"class_list":["post-25466","post","type-post","status-publish","format-standard","has-post-thumbnail","hentry","category-instalaciones"],"acf":[],"publishpress_future_workflow_manual_trigger":{"enabledWorkflows":[]},"_links":{"self":[{"href":"https:\/\/froiz.es\/gl\/wp-json\/wp\/v2\/posts\/25466","targetHints":{"allow":["GET"]}}],"collection":[{"href":"https:\/\/froiz.es\/gl\/wp-json\/wp\/v2\/posts"}],"about":[{"href":"https:\/\/froiz.es\/gl\/wp-json\/wp\/v2\/types\/post"}],"author":[{"embeddable":true,"href":"https:\/\/froiz.es\/gl\/wp-json\/wp\/v2\/users\/1"}],"replies":[{"embeddable":true,"href":"https:\/\/froiz.es\/gl\/wp-json\/wp\/v2\/comments?post=25466"}],"version-history":[{"count":0,"href":"https:\/\/froiz.es\/gl\/wp-json\/wp\/v2\/posts\/25466\/revisions"}],"wp:featuredmedia":[{"embeddable":true,"href":"https:\/\/froiz.es\/gl\/wp-json\/wp\/v2\/media\/25691"}],"wp:attachment":[{"href":"https:\/\/froiz.es\/gl\/wp-json\/wp\/v2\/media?parent=25466"}],"wp:term":[{"taxonomy":"category","embeddable":true,"href":"https:\/\/froiz.es\/gl\/wp-json\/wp\/v2\/categories?post=25466"},{"taxonomy":"post_tag","embeddable":true,"href":"https:\/\/froiz.es\/gl\/wp-json\/wp\/v2\/tags?post=25466"}],"curies":[{"name":"wp","href":"https:\/\/api.w.org\/{rel}","templated":true}]}}