{"id":25463,"date":"2021-08-09T11:02:18","date_gmt":"2021-08-09T09:02:18","guid":{"rendered":"https:\/\/froiz.devhub.es\/pablo-alonso-del-super-froiz-gana-la-copa-de-espana-de-ciclismo-categoria-elite\/"},"modified":"2023-06-19T13:16:21","modified_gmt":"2023-06-19T11:16:21","slug":"pablo-alonso-del-super-froiz-gana-la-copa-de-espana-de-ciclismo-categoria-elite","status":"publish","type":"post","link":"https:\/\/froiz.es\/gl\/pablo-alonso-del-super-froiz-gana-la-copa-de-espana-de-ciclismo-categoria-elite\/","title":{"rendered":"Pablo Alonso, del S\u00faper Froiz, gana la Copa de Espa\u00f1a de ciclismo, categor\u00eda \u00e9lite"},"content":{"rendered":"<p style=\"text-align: justify;\">El equipo ciclista S\u00faper Froiz\u00a0conquista la Copa de Espa\u00f1a en la categor\u00eda \u00e9lite-sub 23, gracias a la victoria del corredor Pablo Alonso. Es la primera vez en su historia que el equipo gana la Copa de Espa\u00f1a de esta categor\u00eda, uno de sus grandes objetivos de los \u00faltimos a\u00f1os.<\/p>\n<p class=\"article-body__text article-body__text--entry article-body__text-middle\" style=\"text-align: justify;\">El ciclista Pablo Alonso realiz\u00f3 una gran actuaci\u00f3n durante toda la competici\u00f3n, siempre apoyado por el gran trabajo del equipo ciclista S\u00faper Froiz especialmente en la jornada de ayer, durante la Cl\u00e1sica de Pascua, en la que el propio Alonso acab\u00f3 en primera posici\u00f3n.<\/p>\n<p class=\"article-body__text \" style=\"text-align: justify;\">La cita, celebrada en la localidad coru\u00f1esa de Padr\u00f3n, fue el punto y final de la edici\u00f3n de 2021 de la Copa de Espa\u00f1a \u00e9lite-sub 23 y const\u00f3 de un total de 145 kil\u00f3metros de recorrido con seis pasos puntuables por altos de monta\u00f1a.<\/p>\n<p class=\"article-body__text \" style=\"text-align: justify;\">\u00a1Felicidades a todo el equipo!\u00a0\u00a0<a class=\"notranslate\" tabindex=\"0\" href=\"https:\/\/www.instagram.com\/superfroiz\/\" target=\"_blank\" rel=\"noopener\">@superfroiz<\/a>\u00a0<a class=\" xil3i\" tabindex=\"0\" href=\"https:\/\/www.instagram.com\/explore\/tags\/pasi%C3%B3n\/\" target=\"_blank\" rel=\"noopener\">#Pasi\u00f3n<\/a>\u00a0por el ciclismo<\/p>\n","protected":false},"excerpt":{"rendered":"<p>El equipo ciclista S\u00faper Froiz\u00a0conquista la Copa de Espa\u00f1a en la categor\u00eda \u00e9lite-sub 23, gracias a la victoria del corredor Pablo Alonso. Es la primera vez en su historia que el equipo gana la Copa de Espa\u00f1a de esta categor\u00eda, uno de sus grandes objetivos de los \u00faltimos a\u00f1os. El ciclista Pablo Alonso realiz\u00f3 una [&hellip;]<\/p>\n","protected":false},"author":1,"featured_media":25688,"comment_status":"open","ping_status":"open","sticky":false,"template":"","format":"standard","meta":{"_acf_changed":false,"footnotes":""},"categories":[15],"tags":[],"class_list":["post-25463","post","type-post","status-publish","format-standard","has-post-thumbnail","hentry","category-deporte"],"acf":[],"publishpress_future_workflow_manual_trigger":{"enabledWorkflows":[]},"_links":{"self":[{"href":"https:\/\/froiz.es\/gl\/wp-json\/wp\/v2\/posts\/25463","targetHints":{"allow":["GET"]}}],"collection":[{"href":"https:\/\/froiz.es\/gl\/wp-json\/wp\/v2\/posts"}],"about":[{"href":"https:\/\/froiz.es\/gl\/wp-json\/wp\/v2\/types\/post"}],"author":[{"embeddable":true,"href":"https:\/\/froiz.es\/gl\/wp-json\/wp\/v2\/users\/1"}],"replies":[{"embeddable":true,"href":"https:\/\/froiz.es\/gl\/wp-json\/wp\/v2\/comments?post=25463"}],"version-history":[{"count":0,"href":"https:\/\/froiz.es\/gl\/wp-json\/wp\/v2\/posts\/25463\/revisions"}],"wp:featuredmedia":[{"embeddable":true,"href":"https:\/\/froiz.es\/gl\/wp-json\/wp\/v2\/media\/25688"}],"wp:attachment":[{"href":"https:\/\/froiz.es\/gl\/wp-json\/wp\/v2\/media?parent=25463"}],"wp:term":[{"taxonomy":"category","embeddable":true,"href":"https:\/\/froiz.es\/gl\/wp-json\/wp\/v2\/categories?post=25463"},{"taxonomy":"post_tag","embeddable":true,"href":"https:\/\/froiz.es\/gl\/wp-json\/wp\/v2\/tags?post=25463"}],"curies":[{"name":"wp","href":"https:\/\/api.w.org\/{rel}","templated":true}]}}