{"id":25457,"date":"2021-07-27T12:06:50","date_gmt":"2021-07-27T10:06:50","guid":{"rendered":"https:\/\/froiz.devhub.es\/hablamos-sobre-tendencias-de-consumo-en-2-revistas-del-sector-alimentacion\/"},"modified":"2023-06-19T13:16:21","modified_gmt":"2023-06-19T11:16:21","slug":"hablamos-sobre-tendencias-de-consumo-en-2-revistas-del-sector-alimentacion","status":"publish","type":"post","link":"https:\/\/froiz.es\/gl\/hablamos-sobre-tendencias-de-consumo-en-2-revistas-del-sector-alimentacion\/","title":{"rendered":"Hablamos sobre tendencias de consumo en 2 revistas del sector alimentaci\u00f3n"},"content":{"rendered":"<p style=\"text-align: justify;\">Las revistas especializadas del sector: <strong>C\u00f3digo 84 y Alimarket<\/strong> han entrevistado en sus \u00faltimas ediciones a dos profesionales Froiz: Br\u00edgida Nieto y Manuel Aris para hablar sobre tendencias de consumo, proximidad, acciones de sostenibilidad y comercio online.<\/p>\n<p style=\"text-align: justify;\"><strong><span style=\"text-decoration: underline;\">Manuel Aris,<\/span> como responsable de las compras de pesca y fruta del grupo Froiz<\/strong>, ha indicado a la revista <a href=\"https:\/\/www.aecoc.es\/revistas\/codigo-84\/\" target=\"_blank\" rel=\"noopener\"><span style=\"text-decoration: underline;\"><strong>C\u00f3digo 84<\/strong><\/span><\/a>, en un especial dedicado al sector pesquero que &#8220;<em>el surtido en productos frescos locales, capturados de manera sostenible que garantizan las buenas pr\u00e1cticas productivas y extractivas, ha sido desde siempre uno de nuestros compromisos. El pescado y el marisco m\u00e1s fresco se distribuyen diariamente desde las principales lonjas de Galicia a todos los centros Froiz de Espa\u00f1a y Portugal, ofreciendo productos con certificaciones como \u201cPescadeR\u00edas\u201d, \u201cCrianza De Nuestros Mares\u201d, \u201cRodaballo de Galicia\u201d,\u2026 con origen de calidad; siempre garantizando la seguridad alimentaria, y facilitando informaci\u00f3n al consumidor, sobre origen, modo de captura y zona FAO. Los envases que utilizamos son sostenibles. Utilizamos sobres y hemos eliminado las bandejas individuales de porexpan. Todos los embalajes que se utilizan para el transporte de los pedidos son reciclados por empresas autorizadas para ello y se reincorporan nuevamente a la cadena&#8221;.\u00a0<\/em><\/p>\n<p style=\"text-align: justify;\">Por\u00a0su parte, <strong><span style=\"text-decoration: underline;\">Br\u00edgida Nieto,<\/span>\u00a0como responsable de Comunicaci\u00f3n y Marketing,<\/strong> ha se\u00f1alado en una entrevista a la <a href=\"https:\/\/www.alimarket.es\/\" target=\"_blank\" rel=\"noopener\"><span style=\"text-decoration: underline;\"><strong>revista Alimarket<\/strong> <\/span><\/a>que\u00a0<em>&#8220;nuestro objetivo es ofrecer a los clientes la mejor calidad a los mejores precios, con un buen servicio y atenci\u00f3n en centros de proximidad; adem\u00e1s, de un amplio surtido en frescos, productos de marcas l\u00edderes y marca Froiz. El cliente est\u00e1 en el centro de todas las decisiones, intentando dar respuesta a sus demandas y necesidades. Sin olvidarnos de que hay que innovar en surtido, en instalaciones, en procesos, etc., pues aunque los valores comerciales son los mismos, no podemos entender hoy lo mismo por servicio o surtido eficiente que entend\u00edamos hace unos a\u00f1os. Estamos en un proceso continuo de cambio y estamos obligados a escuchar y estar muy atentos a los cambios, para ofrecer lo mejor a nuestros trabajadores, clientes y entorno.<\/em><\/p>\n<p style=\"text-align: justify;\"><em>Las empresas debemos buscar la eficiencia, optimizar nuestros recursos, log\u00edstica, energ\u00eda, ser sostenibles, protegiendo el medio ambiente y ser socialmente responsables&#8221;.<\/em><\/p>\n<p style=\"text-align: justify;\">&#8212;&#8212;&#8212;&#8212;&#8212;&#8212;&#8212;&#8212;&#8212;<\/p>\n<p style=\"text-align: justify;\">? Alimarket. Ver la entrevista completa <a href=\"https:\/\/www.alimarket.es\/alimentacion\/noticia\/335346\/brigida-nieto--grupo-froiz----contemplamos-un-desarrollo-organico-y-valoramos-posibles-oportunidades-\" target=\"_blank\" rel=\"noopener\">aqu\u00ed\u00a0<\/a><\/p>\n<p style=\"text-align: justify;\">?C\u00f3digo 84.\u00a0Descargar la revista <a href=\"https:\/\/www.aecoc.es\/revistas\/codigo-84\/\" target=\"_blank\" rel=\"noopener\">aqu\u00ed.\u00a0<\/a><\/p>\n","protected":false},"excerpt":{"rendered":"<p>Las revistas especializadas del sector: C\u00f3digo 84 y Alimarket han entrevistado en sus \u00faltimas ediciones a dos profesionales Froiz: Br\u00edgida Nieto y Manuel Aris para hablar sobre tendencias de consumo, proximidad, acciones de sostenibilidad y comercio online. Manuel Aris, como responsable de las compras de pesca y fruta del grupo Froiz, ha indicado a la [&hellip;]<\/p>\n","protected":false},"author":1,"featured_media":25458,"comment_status":"open","ping_status":"open","sticky":false,"template":"","format":"standard","meta":{"_acf_changed":false,"footnotes":""},"categories":[33],"tags":[],"class_list":["post-25457","post","type-post","status-publish","format-standard","has-post-thumbnail","hentry","category-reconocimientos"],"acf":[],"publishpress_future_workflow_manual_trigger":{"enabledWorkflows":[]},"_links":{"self":[{"href":"https:\/\/froiz.es\/gl\/wp-json\/wp\/v2\/posts\/25457","targetHints":{"allow":["GET"]}}],"collection":[{"href":"https:\/\/froiz.es\/gl\/wp-json\/wp\/v2\/posts"}],"about":[{"href":"https:\/\/froiz.es\/gl\/wp-json\/wp\/v2\/types\/post"}],"author":[{"embeddable":true,"href":"https:\/\/froiz.es\/gl\/wp-json\/wp\/v2\/users\/1"}],"replies":[{"embeddable":true,"href":"https:\/\/froiz.es\/gl\/wp-json\/wp\/v2\/comments?post=25457"}],"version-history":[{"count":0,"href":"https:\/\/froiz.es\/gl\/wp-json\/wp\/v2\/posts\/25457\/revisions"}],"wp:featuredmedia":[{"embeddable":true,"href":"https:\/\/froiz.es\/gl\/wp-json\/wp\/v2\/media\/25458"}],"wp:attachment":[{"href":"https:\/\/froiz.es\/gl\/wp-json\/wp\/v2\/media?parent=25457"}],"wp:term":[{"taxonomy":"category","embeddable":true,"href":"https:\/\/froiz.es\/gl\/wp-json\/wp\/v2\/categories?post=25457"},{"taxonomy":"post_tag","embeddable":true,"href":"https:\/\/froiz.es\/gl\/wp-json\/wp\/v2\/tags?post=25457"}],"curies":[{"name":"wp","href":"https:\/\/api.w.org\/{rel}","templated":true}]}}