{"id":25434,"date":"2021-01-19T17:42:11","date_gmt":"2021-01-19T16:42:11","guid":{"rendered":"https:\/\/froiz.devhub.es\/froiz-elimina-el-plastico-en-las-frutas-y-verduras-ecologicas\/"},"modified":"2023-06-19T13:16:17","modified_gmt":"2023-06-19T11:16:17","slug":"froiz-elimina-el-plastico-en-las-frutas-y-verduras-ecologicas","status":"publish","type":"post","link":"https:\/\/froiz.es\/gl\/froiz-elimina-el-plastico-en-las-frutas-y-verduras-ecologicas\/","title":{"rendered":"Froiz elimina el pl\u00e1stico en las frutas y verduras ecol\u00f3gicas"},"content":{"rendered":"<p style=\"text-align: justify;\">Todas las variedades de <strong>frutas y verduras ecol\u00f3gicas<\/strong> ?\u00a0que la empresa Froiz\u00a0comercializa en sus establecimientos ya cuentan con envases m\u00e1s sostenibles\u00a0\u267b\ufe0f y ecol\u00f3gicos. La empresa ha eliminado el pl\u00e1stico en todas estas referencias, el cual ha sido sustituido por otros materiales m\u00e1s respetuosos con el medio ambiente. ??\u00a0Zanahorias, aguacates, tomates y cebollas, entre otros productos, se presentan al consumidor con\u00a0una\u00a0malla de algod\u00f3n. Otros como patatas, tomates o manzanas sus envases son barquetas de cart\u00f3n con certificado FSC y, en caso de utilizar pl\u00e1stico, \u00e9ste es siempre es biodegrabable ?. Otros art\u00edculos como el pl\u00e1tano?de Canarias eco vienen con una sencilla cinta agrupadora.<\/p>\n<p style=\"text-align: justify;\">Adem\u00e1s, en la secci\u00f3n de fruter\u00eda ya est\u00e1 disponible una bolsa\u00a0\u267b\ufe0fbiodegradable y biocompostable, que\u00a0convive con la bolsa de papel con certificado FSC para frutos secos y la bolsa de malla reutilizable.\u00a0Son bolsas lavables y tambi\u00e9n 100% reciclables. Adem\u00e1s, el cliente -si lo desea-\u00a0puede traer sus propias bolsas de papel, tela, etc.. para la compra de frutas y verduras. Y utilizar una sola unidad para hacer una compra conjunta\u00a0de variedades distintas.<\/p>\n<p style=\"text-align: justify;\"><img fetchpriority=\"high\" decoding=\"async\" class=\"alignnone size-large wp-image-16333\" src=\"https:\/\/www.froiz.com\/wp-content\/uploads\/2021\/01\/frutas-pantalla-665x374.jpg\" alt=\"frutas-pantalla\" width=\"665\" height=\"374\" \/><\/p>\n<p>&nbsp;<\/p>\n","protected":false},"excerpt":{"rendered":"<p>Todas las variedades de frutas y verduras ecol\u00f3gicas ?\u00a0que la empresa Froiz\u00a0comercializa en sus establecimientos ya cuentan con envases m\u00e1s sostenibles\u00a0\u267b\ufe0f y ecol\u00f3gicos. La empresa ha eliminado el pl\u00e1stico en todas estas referencias, el cual ha sido sustituido por otros materiales m\u00e1s respetuosos con el medio ambiente. ??\u00a0Zanahorias, aguacates, tomates y cebollas, entre otros productos, [&hellip;]<\/p>\n","protected":false},"author":1,"featured_media":25435,"comment_status":"open","ping_status":"open","sticky":false,"template":"","format":"standard","meta":{"_acf_changed":false,"footnotes":""},"categories":[14],"tags":[],"class_list":["post-25434","post","type-post","status-publish","format-standard","has-post-thumbnail","hentry","category-sostenibilidad"],"acf":[],"publishpress_future_workflow_manual_trigger":{"enabledWorkflows":[]},"_links":{"self":[{"href":"https:\/\/froiz.es\/gl\/wp-json\/wp\/v2\/posts\/25434","targetHints":{"allow":["GET"]}}],"collection":[{"href":"https:\/\/froiz.es\/gl\/wp-json\/wp\/v2\/posts"}],"about":[{"href":"https:\/\/froiz.es\/gl\/wp-json\/wp\/v2\/types\/post"}],"author":[{"embeddable":true,"href":"https:\/\/froiz.es\/gl\/wp-json\/wp\/v2\/users\/1"}],"replies":[{"embeddable":true,"href":"https:\/\/froiz.es\/gl\/wp-json\/wp\/v2\/comments?post=25434"}],"version-history":[{"count":0,"href":"https:\/\/froiz.es\/gl\/wp-json\/wp\/v2\/posts\/25434\/revisions"}],"wp:featuredmedia":[{"embeddable":true,"href":"https:\/\/froiz.es\/gl\/wp-json\/wp\/v2\/media\/25435"}],"wp:attachment":[{"href":"https:\/\/froiz.es\/gl\/wp-json\/wp\/v2\/media?parent=25434"}],"wp:term":[{"taxonomy":"category","embeddable":true,"href":"https:\/\/froiz.es\/gl\/wp-json\/wp\/v2\/categories?post=25434"},{"taxonomy":"post_tag","embeddable":true,"href":"https:\/\/froiz.es\/gl\/wp-json\/wp\/v2\/tags?post=25434"}],"curies":[{"name":"wp","href":"https:\/\/api.w.org\/{rel}","templated":true}]}}