{"id":25429,"date":"2020-12-16T11:45:18","date_gmt":"2020-12-16T10:45:18","guid":{"rendered":"https:\/\/froiz.devhub.es\/froiz-verin-un-centro-mas-amplio-moderno-y-comodo\/"},"modified":"2023-06-19T13:16:17","modified_gmt":"2023-06-19T11:16:17","slug":"froiz-verin-un-centro-mas-amplio-moderno-y-comodo","status":"publish","type":"post","link":"https:\/\/froiz.es\/gl\/froiz-verin-un-centro-mas-amplio-moderno-y-comodo\/","title":{"rendered":"Froiz Ver\u00edn, un centro m\u00e1s amplio, moderno y c\u00f3modo"},"content":{"rendered":"<p style=\"text-align: justify;\">El supermercado <strong>Froiz de la localidad ourensana de Ver\u00edn<\/strong> se ha reformado y, desde hoy, cuenta con m\u00e1s metros cuadrados de sala de ventas y mayor capacidad y surtido en las secciones de frescos, refrigerados y congelados.\u00a0<strong>Este\u00a0supermercado ofrece al cliente la calidad de siempre<\/strong>\u00a0de Froiz, a los mejores precios, un amplio surtido y marcas l\u00edderes. Cuenta con pescader\u00eda, charcuter\u00eda, panader\u00eda, carnicer\u00eda y fruter\u00eda y sus correspondientes obradores de trabajo; donde los profesionales Froiz elaboran, limpian, filetean y preparan diariamente<a class=\"oajrlxb2 g5ia77u1 qu0x051f esr5mh6w e9989ue4 r7d6kgcz rq0escxv nhd2j8a9 nc684nl6 p7hjln8o kvgmc6g5 cxmmr5t8 oygrvhab hcukyx3x jb3vyjys rz4wbd8a qt6c0cv9 a8nywdso i1ao9s8h esuyzwwr f1sip0of lzcic4wl q66pz984 gpro0wi8 b1v8xokw\" tabindex=\"0\" href=\"https:\/\/www.facebook.com\/hashtag\/productofresco?__eep__=6&amp;__cft__[0]=AZVT9awlwgiQwhTQudWOh-BVHAanO5ZituXy1MyUZPRClqTtd89OoVtgsTKmgAEPpeeu334Z5XQqK1K0y5euabKFe1owFZalu5dCAnHL0dFUppKb33KT-n_90u6i_YcmpI1a66WzqS7odHM_wKbYoMV4TxtUTuvBEh5_U9g-pzZoM0w-bdqxVzOKsy3LwAj-nKE&amp;__tn__=*NK-R\" target=\"_blank\" rel=\"noopener\">#productofresco<\/a>\u00a0de calidad.<\/p>\n<p style=\"text-align: justify;\">Las\u00a0instalaciones son modernas y\u00a0eco-eficientes. Todos los materiales empleados en el acondicionamiento, la iluminaci\u00f3n y la climatizaci\u00f3n consiguen un consumo energ\u00e9tico inferior a una tienda convencional, mejorando la experiencia de compra para los clientes y los espacios de trabajo para los trabajadores.<\/p>\n<p style=\"text-align: justify;\">Su horario es de lunes a s\u00e1bado y cuenta con servicio a domicilio.\u00a0<strong>En \u00e9l trabajan 19 profesionales de la alimentaci\u00f3n para ofrecer\u00a0un buen servicio y atenci\u00f3n a todos los clientes.<\/strong><\/p>\n<p>?\u00a0<a href=\"https:\/\/goo.gl\/maps\/SQsRwqT2bZPzSz286\" target=\"_blank\" rel=\"noopener\">https:\/\/goo.gl\/maps\/SQsRwqT2bZPzSz286<\/a><\/p>\n\n<p>&nbsp;<\/p>\n","protected":false},"excerpt":{"rendered":"<p>El supermercado Froiz de la localidad ourensana de Ver\u00edn se ha reformado y, desde hoy, cuenta con m\u00e1s metros cuadrados de sala de ventas y mayor capacidad y surtido en las secciones de frescos, refrigerados y congelados.\u00a0Este\u00a0supermercado ofrece al cliente la calidad de siempre\u00a0de Froiz, a los mejores precios, un amplio surtido y marcas l\u00edderes. [&hellip;]<\/p>\n","protected":false},"author":1,"featured_media":25430,"comment_status":"open","ping_status":"open","sticky":false,"template":"","format":"standard","meta":{"_acf_changed":false,"footnotes":""},"categories":[31],"tags":[],"class_list":["post-25429","post","type-post","status-publish","format-standard","has-post-thumbnail","hentry","category-instalaciones"],"acf":[],"publishpress_future_workflow_manual_trigger":{"enabledWorkflows":[]},"_links":{"self":[{"href":"https:\/\/froiz.es\/gl\/wp-json\/wp\/v2\/posts\/25429","targetHints":{"allow":["GET"]}}],"collection":[{"href":"https:\/\/froiz.es\/gl\/wp-json\/wp\/v2\/posts"}],"about":[{"href":"https:\/\/froiz.es\/gl\/wp-json\/wp\/v2\/types\/post"}],"author":[{"embeddable":true,"href":"https:\/\/froiz.es\/gl\/wp-json\/wp\/v2\/users\/1"}],"replies":[{"embeddable":true,"href":"https:\/\/froiz.es\/gl\/wp-json\/wp\/v2\/comments?post=25429"}],"version-history":[{"count":0,"href":"https:\/\/froiz.es\/gl\/wp-json\/wp\/v2\/posts\/25429\/revisions"}],"wp:featuredmedia":[{"embeddable":true,"href":"https:\/\/froiz.es\/gl\/wp-json\/wp\/v2\/media\/25430"}],"wp:attachment":[{"href":"https:\/\/froiz.es\/gl\/wp-json\/wp\/v2\/media?parent=25429"}],"wp:term":[{"taxonomy":"category","embeddable":true,"href":"https:\/\/froiz.es\/gl\/wp-json\/wp\/v2\/categories?post=25429"},{"taxonomy":"post_tag","embeddable":true,"href":"https:\/\/froiz.es\/gl\/wp-json\/wp\/v2\/tags?post=25429"}],"curies":[{"name":"wp","href":"https:\/\/api.w.org\/{rel}","templated":true}]}}