{"id":25419,"date":"2020-10-28T12:17:11","date_gmt":"2020-10-28T11:17:11","guid":{"rendered":"https:\/\/froiz.devhub.es\/la-revista-mercados-premia-a-la-empresa-froiz-por-su-labor-en-el-covid-19\/"},"modified":"2023-06-19T13:16:16","modified_gmt":"2023-06-19T11:16:16","slug":"la-revista-mercados-premia-a-la-empresa-froiz-por-su-labor-en-el-covid-19","status":"publish","type":"post","link":"https:\/\/froiz.es\/gl\/la-revista-mercados-premia-a-la-empresa-froiz-por-su-labor-en-el-covid-19\/","title":{"rendered":"La Revista Mercados premia a la empresa Froiz por su labor en el Covid-19"},"content":{"rendered":"<p style=\"text-align: justify;\"><strong>La empresa Froiz ha recibido el Premio Conecta 2020 a la Mejor Relaci\u00f3n con sus proveedores en la crisis del COVID-19<\/strong>. Este galard\u00f3n lo concede anualmente la revista especializada Mercados\u00a0que ha querido, en esta edici\u00f3n, reconocer el esfuerzo realizado por la distribuci\u00f3n alimentaria desde el inicio de la crisis del COVID-19. Las distintas empresas premiadas en las distintas categor\u00edas han sido elegidos con los votos de m\u00e1s de 2.700 profesionales del sector.<\/p>\n<p style=\"text-align: justify;\"><strong>Ofrecer un producto de calidad al mejor precio es posible mediante una buena relaci\u00f3n con los proveedores.\u00a0<\/strong>Toda<span style=\"font-weight: 400;\">\u00a0la cadena alimentaria: agricultura, ganader\u00eda, pesca, industria, transportistas, distribuidores\u2026\u00a0 hemos hecho posible con mucho esfuerzo, compromiso, colaboraci\u00f3n y profesionalidad el abastecimiento diario de alimentos y productos del hogar en momentos muy dif\u00edciles, de mucha tensi\u00f3n y sin precedentes de la situaci\u00f3n vivida.\u00a0<\/span><span style=\"font-weight: 400;\">Entre todos hemos trabajado de forma conjunta para dar respuesta a las demandas de los consumidores, mostrando, d\u00eda a d\u00eda, especialmente en los momentos m\u00e1s dif\u00edciles, el compromiso del sector con la sociedad y con nuestros clientes.\u00a0<\/span><\/p>\n<p style=\"text-align: justify;\"><span style=\"font-weight: 400;\">Desde el inicio de la pandemia, la empresa Froiz ha ido implementando y actualizando todas las normativas, protocolos y recomendaciones de las autoridades sanitarias para proteger a trabajadores, clientes y proveedores.\u00a0<\/span><span style=\"font-weight: 400;\">Se intensificaron las rutas log\u00edsticas y las reposiciones diarias para poder abastecer a todas las tiendas del grupo en Espa\u00f1a y Portugal. Adem\u00e1s, se reforz\u00f3 el personal en tienda, la distribuci\u00f3n\u00a0de pedidos a domicilio y el servicio de compra online. No hubiera sido posible prestar el servicio y la atenci\u00f3n a nuestros clientes sin el gran esfuerzo, la profesionalidad y la generosidad de todos los trabajadores del grupo en su conjunto y de los proveedores.\u00a0<\/span><\/p>\n<p style=\"text-align: justify;\">M\u00e1s informaci\u00f3n en <a href=\"https:\/\/revistamercados.com\/consum-el-corte-ingles-supermercados-froiz-y-proexport-premiados-por-su-labor-en-el-covid-19\/\" target=\"_blank\" rel=\"noopener\">Revista Mercados<\/a>.<\/p>\n<p style=\"text-align: justify;\"><img fetchpriority=\"high\" decoding=\"async\" class=\"alignnone wp-image-15500 size-large\" src=\"https:\/\/www.froiz.com\/wp-content\/uploads\/2020\/10\/XPremiosConecta-665x374.jpeg\" alt=\"xpremiosconecta\" width=\"665\" height=\"374\" \/><\/p>\n<p>&nbsp;<\/p>\n","protected":false},"excerpt":{"rendered":"<p>La empresa Froiz ha recibido el Premio Conecta 2020 a la Mejor Relaci\u00f3n con sus proveedores en la crisis del COVID-19. Este galard\u00f3n lo concede anualmente la revista especializada Mercados\u00a0que ha querido, en esta edici\u00f3n, reconocer el esfuerzo realizado por la distribuci\u00f3n alimentaria desde el inicio de la crisis del COVID-19. Las distintas empresas premiadas [&hellip;]<\/p>\n","protected":false},"author":1,"featured_media":25420,"comment_status":"open","ping_status":"open","sticky":false,"template":"","format":"standard","meta":{"_acf_changed":false,"footnotes":""},"categories":[37],"tags":[],"class_list":["post-25419","post","type-post","status-publish","format-standard","has-post-thumbnail","hentry","category-covid-19"],"acf":[],"publishpress_future_workflow_manual_trigger":{"enabledWorkflows":[]},"_links":{"self":[{"href":"https:\/\/froiz.es\/gl\/wp-json\/wp\/v2\/posts\/25419","targetHints":{"allow":["GET"]}}],"collection":[{"href":"https:\/\/froiz.es\/gl\/wp-json\/wp\/v2\/posts"}],"about":[{"href":"https:\/\/froiz.es\/gl\/wp-json\/wp\/v2\/types\/post"}],"author":[{"embeddable":true,"href":"https:\/\/froiz.es\/gl\/wp-json\/wp\/v2\/users\/1"}],"replies":[{"embeddable":true,"href":"https:\/\/froiz.es\/gl\/wp-json\/wp\/v2\/comments?post=25419"}],"version-history":[{"count":0,"href":"https:\/\/froiz.es\/gl\/wp-json\/wp\/v2\/posts\/25419\/revisions"}],"wp:featuredmedia":[{"embeddable":true,"href":"https:\/\/froiz.es\/gl\/wp-json\/wp\/v2\/media\/25420"}],"wp:attachment":[{"href":"https:\/\/froiz.es\/gl\/wp-json\/wp\/v2\/media?parent=25419"}],"wp:term":[{"taxonomy":"category","embeddable":true,"href":"https:\/\/froiz.es\/gl\/wp-json\/wp\/v2\/categories?post=25419"},{"taxonomy":"post_tag","embeddable":true,"href":"https:\/\/froiz.es\/gl\/wp-json\/wp\/v2\/tags?post=25419"}],"curies":[{"name":"wp","href":"https:\/\/api.w.org\/{rel}","templated":true}]}}