{"id":25402,"date":"2020-03-25T11:22:40","date_gmt":"2020-03-25T10:22:40","guid":{"rendered":"https:\/\/froiz.devhub.es\/covid-19-medidas-adoptadas-por-el-grupo-froiz\/"},"modified":"2023-06-19T13:16:15","modified_gmt":"2023-06-19T11:16:15","slug":"covid-19-medidas-adoptadas-por-el-grupo-froiz","status":"publish","type":"post","link":"https:\/\/froiz.es\/gl\/covid-19-medidas-adoptadas-por-el-grupo-froiz\/","title":{"rendered":"Covid-19. Medidas adoptadas por el Grupo Froiz"},"content":{"rendered":"<div class=\"gmail_default\" style=\"text-align: justify;\">El grupo Froiz con el objetivo de proteger la salud y seguridad de sus clientes y trabajadores ante el Covid-19, aplica diariamente medidas en todos sus establecimientos y centros de trabajo. Todas las acciones puestas en marcha hasta la fecha han seguido las recomendaciones de las autoridades sanitarias.<\/div>\n<div class=\"gmail_default\" style=\"text-align: justify;\">&#8211;<\/div>\n<div class=\"gmail_default\" style=\"text-align: justify;\">\u00a0<u>Medidas de higiene:\u00a0<\/u><\/div>\n<div class=\"gmail_default\">\n<div class=\"gmail_default\" style=\"text-align: justify;\">Desde el primer momento, se\u00a0han aplicado todas las medidas de protecci\u00f3n e higiene indicadas por las autoridades sanitarias.\u00a0Han aumentando e\u00a0intensificado las labores de limpieza y desinfecci\u00f3n en todos los establecimientos Froiz, en especial, las superficies de mayor contacto con los clientes: vitrinas secciones, l\u00ednea de cajas, carros, cestos, &#8230; Y tambi\u00e9n en el resto de centros de trabajo, como\u00a0plataformas, y flota log\u00edstica y de reparto.<\/div>\n<div class=\"gmail_default\" style=\"text-align: justify;\">&#8211;<\/div>\n<div class=\"gmail_default\" style=\"text-align: justify;\">\u00a0<u>EPI\u00b4s homologados:\u00a0<\/u><\/div>\n<div class=\"gmail_default\" style=\"text-align: justify;\">Se ha dotado a todo nuestro personal de EPI\u00b4s homologados como mascarillas, gafas, guantes y geles hidroalcoh\u00f3licos para la limpieza y desinfecci\u00f3n de manos. Y se ha recomendado a los clientes el uso de guantes pl\u00e1sticos para realizar la compra, a su disposici\u00f3n en las entradas.<\/div>\n<div class=\"gmail_default\" style=\"text-align: justify;\">Se han instalado ya en todos los establecimientos Froiz unas mamparas de metacrilato transparentes en la l\u00ednea de cajas. El objetivo es garantizar la seguridad y el distanciamiento entre clientes y personal de caja.<\/div>\n<div class=\"gmail_default\" style=\"text-align: justify;\">&#8211;<\/div>\n<div class=\"gmail_default\" style=\"text-align: justify;\">\u00a0<u>Recomendaciones a los clientes:\u00a0<\/u><\/div>\n<p class=\"gmail_default\" style=\"text-align: justify;\">Recomendamos por la seguridad de todos, trabajadores y clientes: mantener la distancia de seguridad. Recomendable 2 metros, pero nunca menos de 1 metro. Limitar el aforo de las tiendas, el pago preferiblemente con tarjeta y evitar aglomeraciones en zonas cr\u00edticas como l\u00ednea de cajas y secciones.<\/p>\n<div class=\"gmail_default\" style=\"text-align: justify;\">Temporalmente, mientras dure esta situaci\u00f3n, se ha limitado el servicio de reparto a domicilio, la devoluci\u00f3n de productos y no se embolsar\u00e1.<\/div>\n<div class=\"gmail_default\" style=\"text-align: justify;\">&#8211;<\/div>\n<div class=\"gmail_default\" style=\"text-align: justify;\">\u00a0<u>Priorizar el acceso y la compra:\u00a0<\/u><\/div>\n<div class=\"gmail_default\" style=\"text-align: justify;\">&#8220;Ay\u00fadanos a ayudar&#8221;, damos\u00a0prioridad\u00a0en todos los establecimientos (entrada, caja y mostradores) a estos colectivos: personas mayores, con movilidad reducida, con discapacidad,\u00a0embarazadas y personal sanitario.<\/div>\n<div class=\"gmail_default\" style=\"text-align: justify;\">&#8211;<\/div>\n<div class=\"gmail_default\">\n<div class=\"gmail_default\" style=\"text-align: justify;\"><u>Horario:<\/u><\/div>\n<div class=\"gmail_default\" style=\"text-align: justify;\">La nueva hora de cierre de todos los establecimientos Froiz es -de lunes a s\u00e1bado- a las 20:00h. El objetivo es poder realizar una correcta reposici\u00f3n y limpieza. Adem\u00e1s, se han adoptado nuevos horarios y turnos para el personal de tienda, plataformas y oficinas.<\/div>\n<div class=\"gmail_default\" style=\"text-align: justify;\">&#8211;<\/div>\n<div class=\"gmail_default\" style=\"text-align: justify;\"><u>Abastecimiento:<\/u><\/div>\n<div class=\"gmail_default\" style=\"text-align: justify;\">Se han intensificado las rutas log\u00edsticas y las reposiciones diarias para poder abastecer todas las tiendas Froiz con productos frescos, b\u00e1sicos y de higiene personal.<\/div>\n<div class=\"gmail_default\" style=\"text-align: justify;\">&#8211;<\/div>\n<div class=\"gmail_default\" style=\"text-align: justify;\"><span style=\"text-decoration: underline;\">Comunicaci\u00f3n:<\/span><\/div>\n<div class=\"gmail_default\" style=\"text-align: justify;\">Todas las medidas que la empresa va adoptando y aplica d\u00eda a d\u00eda, se comunican a toda la plantilla Froiz por los distintos canales internos. Tambi\u00e9n a los clientes, disponiendo en\u00a0todos los centros\u00a0de megafon\u00eda, carteles y comunicaciones en redes sociales.<\/div>\n<h4 class=\"gmail_default\" style=\"text-align: justify;\"><u>\u00a1Gracias!<\/u><\/h4>\n<div class=\"gmail_default\" style=\"text-align: justify;\">Agradecemos a todos los profesionales Froiz su profesionalidad, trabajo y esfuerzo conjunto por dar un buen servicio y atenci\u00f3n a todos los clientes en estos dif\u00edciles momentos.<\/div>\n<div class=\"gmail_default\" style=\"text-align: justify;\"><\/div>\n<h4 class=\"gmail_default\" style=\"text-align: justify;\">Gracias a todos&#8230; por vuestra colaboraci\u00f3n y solidaridad.<\/h4>\n<\/div>\n<\/div>\n<div id=\"gtx-trans\" style=\"position: absolute; left: -10px; top: 1880px;\"><\/div>\n","protected":false},"excerpt":{"rendered":"<p>El grupo Froiz con el objetivo de proteger la salud y seguridad de sus clientes y trabajadores ante el Covid-19, aplica diariamente medidas en todos sus establecimientos y centros de trabajo. Todas las acciones puestas en marcha hasta la fecha han seguido las recomendaciones de las autoridades sanitarias. &#8211; \u00a0Medidas de higiene:\u00a0 Desde el primer [&hellip;]<\/p>\n","protected":false},"author":1,"featured_media":25403,"comment_status":"open","ping_status":"open","sticky":false,"template":"","format":"standard","meta":{"_acf_changed":false,"footnotes":""},"categories":[37],"tags":[],"class_list":["post-25402","post","type-post","status-publish","format-standard","has-post-thumbnail","hentry","category-covid-19"],"acf":[],"publishpress_future_workflow_manual_trigger":{"enabledWorkflows":[]},"_links":{"self":[{"href":"https:\/\/froiz.es\/gl\/wp-json\/wp\/v2\/posts\/25402","targetHints":{"allow":["GET"]}}],"collection":[{"href":"https:\/\/froiz.es\/gl\/wp-json\/wp\/v2\/posts"}],"about":[{"href":"https:\/\/froiz.es\/gl\/wp-json\/wp\/v2\/types\/post"}],"author":[{"embeddable":true,"href":"https:\/\/froiz.es\/gl\/wp-json\/wp\/v2\/users\/1"}],"replies":[{"embeddable":true,"href":"https:\/\/froiz.es\/gl\/wp-json\/wp\/v2\/comments?post=25402"}],"version-history":[{"count":0,"href":"https:\/\/froiz.es\/gl\/wp-json\/wp\/v2\/posts\/25402\/revisions"}],"wp:featuredmedia":[{"embeddable":true,"href":"https:\/\/froiz.es\/gl\/wp-json\/wp\/v2\/media\/25403"}],"wp:attachment":[{"href":"https:\/\/froiz.es\/gl\/wp-json\/wp\/v2\/media?parent=25402"}],"wp:term":[{"taxonomy":"category","embeddable":true,"href":"https:\/\/froiz.es\/gl\/wp-json\/wp\/v2\/categories?post=25402"},{"taxonomy":"post_tag","embeddable":true,"href":"https:\/\/froiz.es\/gl\/wp-json\/wp\/v2\/tags?post=25402"}],"curies":[{"name":"wp","href":"https:\/\/api.w.org\/{rel}","templated":true}]}}