{"id":25397,"date":"2020-02-21T14:29:24","date_gmt":"2020-02-21T13:29:24","guid":{"rendered":"https:\/\/froiz.devhub.es\/presentacion-de-la-temporada-numero-32-del-equipo-ciclista-super-froiz\/"},"modified":"2023-06-19T13:16:14","modified_gmt":"2023-06-19T11:16:14","slug":"presentacion-de-la-temporada-numero-32-del-equipo-ciclista-super-froiz","status":"publish","type":"post","link":"https:\/\/froiz.es\/gl\/presentacion-de-la-temporada-numero-32-del-equipo-ciclista-super-froiz\/","title":{"rendered":"Presentaci\u00f3n de la temporada n\u00famero 32 del equipo ciclista S\u00faper Froiz"},"content":{"rendered":"<p style=\"text-align: justify;\">Hoy, se ha presentado en la ciudad de Pontevedra, la temporada n\u00famero 32 del equipo ciclista amateur S\u00faper Froiz. El acto tuvo lugar delante del edificio central de la Diputaci\u00f3n de Pontevedra y cont\u00f3 con la presencia de m\u00faltiples escolares procedentes de distintos colegios de la ciudad. Al acto tambi\u00e9n acudieron patrocinadores del equipo, amigos, colaboradores y diferentes autoridades y personalidades del mundo del ciclismo como \u00d3scar Pereiro\u00a0y Manolo Saiz.<\/p>\n<p style=\"text-align: justify;\">El presidente del Grupo Froiz, Mag\u00edn Alfredo Froiz, anim\u00f3 a los deportistas a \u00abseguir estudiando, trabajando y disfrutar del deporte\u00bb. El equipo de ciclismo aficionado tiene como reto, este a\u00f1o, participar en la Copa de Espa\u00f1a, en las categor\u00edas \u00e9lite y sub 23. As\u00ed como en las tradicionales Vuelta a Toledo, Zamora y Galicia, entre otras.<\/p>\n<div class=\"bloqueclear\">\n<p><iframe title=\"Presentaci\u00f3n de la temporada n\u00famero 32 del equipo ciclista S\u00faper Froiz\" width=\"800\" height=\"450\" src=\"https:\/\/www.youtube.com\/embed\/H0D9c8y4Lg0?feature=oembed\" frameborder=\"0\" allow=\"accelerometer; autoplay; clipboard-write; encrypted-media; gyroscope; picture-in-picture; web-share\" allowfullscreen><\/iframe><\/p>\n\n<\/div>\n<div class=\"redes_pie\"><\/div>\n","protected":false},"excerpt":{"rendered":"<p>Hoy, se ha presentado en la ciudad de Pontevedra, la temporada n\u00famero 32 del equipo ciclista amateur S\u00faper Froiz. El acto tuvo lugar delante del edificio central de la Diputaci\u00f3n de Pontevedra y cont\u00f3 con la presencia de m\u00faltiples escolares procedentes de distintos colegios de la ciudad. Al acto tambi\u00e9n acudieron patrocinadores del equipo, amigos, [&hellip;]<\/p>\n","protected":false},"author":1,"featured_media":25646,"comment_status":"open","ping_status":"open","sticky":false,"template":"","format":"standard","meta":{"_acf_changed":false,"footnotes":""},"categories":[15],"tags":[],"class_list":["post-25397","post","type-post","status-publish","format-standard","has-post-thumbnail","hentry","category-deporte"],"acf":[],"publishpress_future_workflow_manual_trigger":{"enabledWorkflows":[]},"_links":{"self":[{"href":"https:\/\/froiz.es\/gl\/wp-json\/wp\/v2\/posts\/25397","targetHints":{"allow":["GET"]}}],"collection":[{"href":"https:\/\/froiz.es\/gl\/wp-json\/wp\/v2\/posts"}],"about":[{"href":"https:\/\/froiz.es\/gl\/wp-json\/wp\/v2\/types\/post"}],"author":[{"embeddable":true,"href":"https:\/\/froiz.es\/gl\/wp-json\/wp\/v2\/users\/1"}],"replies":[{"embeddable":true,"href":"https:\/\/froiz.es\/gl\/wp-json\/wp\/v2\/comments?post=25397"}],"version-history":[{"count":0,"href":"https:\/\/froiz.es\/gl\/wp-json\/wp\/v2\/posts\/25397\/revisions"}],"wp:featuredmedia":[{"embeddable":true,"href":"https:\/\/froiz.es\/gl\/wp-json\/wp\/v2\/media\/25646"}],"wp:attachment":[{"href":"https:\/\/froiz.es\/gl\/wp-json\/wp\/v2\/media?parent=25397"}],"wp:term":[{"taxonomy":"category","embeddable":true,"href":"https:\/\/froiz.es\/gl\/wp-json\/wp\/v2\/categories?post=25397"},{"taxonomy":"post_tag","embeddable":true,"href":"https:\/\/froiz.es\/gl\/wp-json\/wp\/v2\/tags?post=25397"}],"curies":[{"name":"wp","href":"https:\/\/api.w.org\/{rel}","templated":true}]}}